{"id":373773,"date":"2026-09-03T22:50:12","date_gmt":"2026-09-03T22:50:12","guid":{"rendered":"https:\/\/www.europesays.com\/at\/373773\/"},"modified":"2026-09-03T22:50:12","modified_gmt":"2026-09-03T22:50:12","slug":"neue-probleme-am-tomb-raider-set-mit-sophie-turner","status":"publish","type":"post","link":"https:\/\/www.europesays.com\/at\/373773\/","title":{"rendered":"Neue Probleme am &#8222;Tomb Raider&#8220;-Set mit Sophie Turner"},"content":{"rendered":"<p class=\"spanFix xcq0f20 xklk4pu xx4bnbn x1qlqyl8 xyamk6z\" style=\"order:0\">Bei den Dreharbeiten zur neuen Serie &#8222;Tomb Raider&#8220; mit <a target=\"_self\" data-google-interstitial=\"true\" href=\"https:\/\/www.promiflash.de\/thema\/sophie-turner\/\" rel=\"nofollow noopener\">Sophie Turner<\/a> (30) in der Rolle der Lara Croft hat es erneut Schwierigkeiten gegeben. Wie Deadline berichtet, stellte die britische Arbeitsschutzbeh\u00f6rde Health and Safety Executive (HSE) in den Shinfield Studios Verst\u00f6\u00dfe gegen geltende Sicherheitsvorschriften fest. Konkret ging es um den Umgang mit gef\u00e4hrlichen Isocyanatfarben. Verantwortlich daf\u00fcr ist Project Temple Productions Ltd. \u2013 jene Zweckgesellschaft, \u00fcber die die Produktion von Amazon MGM in Gro\u00dfbritannien abgewickelt wird. Bereits im April erlie\u00df die Beh\u00f6rde eine formelle Verbesserungsanordnung. Innerhalb eines Monats beseitigte die Produktionsfirma die beanstandeten M\u00e4ngel und erf\u00fcllte die geforderten Vorgaben. Ein erneuter, dauerhafter Drehstopp blieb zwar aus. Da die Dreharbeiten jedoch zuvor schon wegen einer Verletzung unterbrochen werden mussten, wirft das Ereignis erneut ein Schlaglicht auf die anhaltenden Probleme am Set.<\/p>\n<p class=\"spanFix xcq0f20 xklk4pu xx4bnbn x1qlqyl8 xyamk6z\" style=\"order:3\">Isocyanatfarben kommen unter anderem zum Einsatz, wenn Kulissen und Requisiten beschichtet werden. Sie z\u00e4hlen zu den h\u00e4ufigsten Ausl\u00f6sern von berufsbedingtem Asthma. Nach Einsch\u00e4tzung der HSE hatte die Produktionsfirma nicht f\u00fcr die vorgeschriebene biologische \u00dcberwachung der Crew gesorgt. Mit dieser wird kontrolliert, ob die Schutzma\u00dfnahmen beim Verspr\u00fchen der Farben tats\u00e4chlich ausreichen. Beim Spr\u00fchen gilt strikte Schutzkleidungspflicht. Zudem bleibt der feine, unsichtbare Farbnebel oft noch f\u00fcr etwa 20 Minuten in der Luft h\u00e4ngen. Erst wenn die f\u00fcr den jeweiligen Raum festgelegte Reinigungs- beziehungsweise Abl\u00fcftungszeit verstrichen ist, d\u00fcrfen weitere Personen den Bereich wieder betreten. Ein solcher beh\u00f6rdlicher Schritt kommt in der britischen Film- und Fernsehbranche nur selten vor: In den vergangenen vier Jahren erhielten lediglich vier Produktionen eine vergleichbare Anordnung. Auf Anfrage von Deadline lehnte Amazon MGM Studios eine Stellungnahme zu dem Vorfall ab.<\/p>\n<p class=\"spanFix xcq0f20 xklk4pu xx4bnbn x1qlqyl8 xyamk6z\" style=\"order:6\">Schon zuvor hatten die Dreharbeiten f\u00fcr rund zwei Wochen pausiert. Grund war <a target=\"_self\" data-google-interstitial=\"true\" href=\"https:\/\/www.promiflash.de\/news\/2026\/03\/30\/tomb-raider-gestoppt-sophie-turner-verletzt-sich-am-set.html\" rel=\"nofollow noopener\">eine leichte Verletzung<\/a> von Sophie, von der sich die <a target=\"_self\" data-google-interstitial=\"true\" href=\"https:\/\/www.promiflash.de\/thema\/game-of-thrones\/\" rel=\"nofollow noopener\">Game of Thrones<\/a>-Bekanntheit erst einmal erholen musste. In dieser Phase liefen die Gehaltszahlungen f\u00fcr die Crew weiter, w\u00e4hrend sie sich um vorbereitende Schritte k\u00fcmmerte. Die Serienproduktion l\u00e4uft bereits seit Januar. Neben Sophie geh\u00f6ren unter anderem <a target=\"_self\" data-google-interstitial=\"true\" href=\"https:\/\/www.promiflash.de\/thema\/sigourney-weaver\/\" rel=\"nofollow noopener\">Sigourney Weaver<\/a> (76) und <a target=\"_self\" data-google-interstitial=\"true\" href=\"https:\/\/www.promiflash.de\/thema\/jason-isaacs\/\" rel=\"nofollow noopener\">Jason Isaacs<\/a> (63) zur Besetzung. Hinter dem Projekt steht <a target=\"_self\" data-google-interstitial=\"true\" href=\"https:\/\/www.promiflash.de\/thema\/phoebe-waller-bridge\/\" rel=\"nofollow noopener\">Phoebe Waller-Bridge<\/a> (41): Die &#8222;Fleabag&#8220;-Sch\u00f6pferin ist als Sch\u00f6pferin, Autorin, ausf\u00fchrende Produzentin und Co-Showrunnerin an Bord. Regie f\u00fchrt Jonathan Van Tulleken. Wann die Serie bei Prime Video zu sehen sein wird, steht bislang nicht fest \u2013 einen konkreten Starttermin gibt es noch nicht.<\/p>\n<p><img class=\"x13vifvy x10l6tqk x5yr21d xh8yej3 xl1xv1r\" alt=\"Sophie Turner als Lara Croft in der neuen &quot;Tomb Raider&quot;-Serie\" width=\"854\" height=\"480\" decoding=\"async\"  loading=\"lazy\" style=\"background-size:cover;background-position:50% 50%;background-repeat:no-repeat;background-image:url(&quot;data:image\/svg+xml;charset=utf-8,%3Csvg xmlns='http:\/\/www.w3.org\/2000\/svg' viewBox='0 0 640 640'%3E%3Cfilter id='b' color-interpolation-filters='sRGB'%3E%3CfeGaussianBlur stdDeviation='20'\/%3E%3CfeColorMatrix values='1 0 0 0 0 0 1 0 0 0 0 0 1 0 0 0 0 0 100 -1' result='s'\/%3E%3CfeFlood x='0' y='0' width='100%25' height='100%25'\/%3E%3CfeComposite operator='out' in='s'\/%3E%3CfeComposite in2='SourceGraphic'\/%3E%3CfeGaussianBlur stdDeviation='20'\/%3E%3C\/filter%3E%3Cimage width='100%25' height='100%25' x='0' y='0' preserveAspectRatio='none' style='filter: url(%23b);' href='data:image\/png;base64,iVBORw0KGgoAAAANSUhEUgAAABAAAAAQCAYAAAAf8\/9hAAAEG0lEQVR4AQEQBO\/7ADMsLv8yLC7\/MCwt\/y4tLP8vLiv\/MjAs\/zkzLf9ANi\/\/Rzky\/0w7NP9NOzX\/Szo1\/0Y3NP8+MzL\/My8v\/yorLf8ANS4v\/zQuL\/8yLS7\/Ly0s\/zAuLP8zMCz\/OjQt\/0E3MP9IOjL\/TTw1\/089Nv9NOzb\/SDg1\/z80Mv81MDD\/Kywu\/wA5MjL\/ODIx\/zUxMP8yMC7\/MjAs\/zUyLP88NS7\/RDkx\/0w9NP9SQDb\/VEE4\/1JAOP9MPTf\/RDg0\/zkzMf8vLi\/\/AD83Nf8+NzX\/OjUz\/zYzMP81Mi7\/ODQt\/z83Lv9IPDL\/UUE1\/1dFOf9ZRjv\/WEY7\/1NCOv9JPTf\/Pjc0\/zQxMf8ART05\/0M8OP8\/OTb\/OjYy\/zg1L\/86NS7\/QTkv\/0s\/Mv9VRTf\/XEk7\/19MPf9eSz7\/WEc9\/09COv9EOzb\/OjUz\/wBKQTz\/SEA7\/0Q9OP8+OTT\/Ojcw\/zs3Lv9COy\/\/TUEz\/1dHOP9fTDz\/Y08\/\/2JPQP9dTD\/\/VEY8\/0k\/Of8\/OTb\/AE5FPv9MQz3\/R0A6\/0A7Nf87ODH\/Ozcu\/0I7L\/9NQTP\/V0g4\/2BOPf9kUUD\/ZFFB\/2BOQf9XST7\/TEI6\/0M9OP8AUUZA\/05FPv9JQTv\/QTw2\/zs4Mf86Ny7\/QDou\/0pAMv9WRzf\/Xk08\/2RQQP9kUUH\/YE9B\/1hKP\/9PRDz\/RkA5\/wBRRkD\/T0U+\/0lBO\/9BPDb\/OTcw\/zc1Lf88OCz\/Rj0w\/1FENf9bSjr\/YE4+\/2JPQP9eTUD\/WEo+\/09FPP9HQjr\/AFBFP\/9ORD3\/SEA6\/z87NP82Ni\/\/MjMr\/zY0Kv9AOS3\/TD8y\/1VFN\/9bSTv\/XUs+\/1tKPv9VSD3\/TkU7\/0dCOv8ATkI9\/0tBPP9FPTj\/PDgz\/zIzLf8tLyj\/MC8n\/zozKf9FOS7\/Tz8z\/1VDOP9YRjv\/VkY8\/1FFO\/9LQzr\/RkE5\/wBKPzv\/SD45\/0E6Nv84NTD\/Li8q\/ycrJf8pKiP\/My0l\/z4zKv9IOS\/\/Tz00\/1JAN\/9RQjn\/TUE5\/0dAOf9CPzj\/AEY7OP9DOjf\/PTYz\/zMxLv8pKyf\/IiYi\/yQlH\/8tJyH\/OS0l\/0MzK\/9JODD\/TDs0\/0w9Nv9IPTf\/Qz03\/z48N\/8AQTg2\/z82Nf84MzH\/Ly0r\/yQmJP8dIR7\/Hx8b\/ykiHP81KCH\/Py4n\/0UzLf9INzH\/Rzk0\/0Q5Nf8+OTb\/OTg2\/wA9NTX\/OzMz\/zQvL\/8rKSn\/ICIi\/xkdG\/8dGxf\/Jx4Y\/zMkHf88KiT\/QzAq\/0U0L\/9ENTL\/QDY0\/zo1Nf81NDX\/ADozNP84MTL\/Mi0u\/ygnKP8eHyD\/FxkY\/xsYFP8mGxX\/MiIb\/zspIv9CLin\/RDIu\/0IzMf8+MzP\/NzI0\/zIxNP8SWqzfXlyl3wAAAABJRU5ErkJggg=='\/%3E%3C\/svg%3E&quot;)\" src=\"https:\/\/www.europesays.com\/at\/wp-content\/uploads\/2026\/09\/sophie-turner-als-lara-croft.jpg\" fetchpriority=\"auto\"\/>\u00a9 Amazon Content Services LLC \/ Jay Maidment<img decoding=\"async\" alt=\"Bilder Gallerie Button\" class=\"x10l6tqk x1l3r47z xmnqija x1fxk84t x1dnml7z x11xpdln x1d8287x x3oybdh x16gas18\" src=\"https:\/\/www.europesays.com\/at\/wp-content\/uploads\/2026\/09\/1788475811_672_galerie_button.png\" loading=\"lazy\"\/>Sophie Turner als Lara Croft in der neuen &#8222;Tomb Raider&#8220;-Serie<img class=\"x13vifvy x10l6tqk x5yr21d xh8yej3 xl1xv1r\" alt=\"Sophie Turner, Schauspielerin\" width=\"854\" height=\"480\" decoding=\"async\"  loading=\"lazy\" style=\"background-size:cover;background-position:50% 50%;background-repeat:no-repeat;background-image:url(&quot;data:image\/svg+xml;charset=utf-8,%3Csvg xmlns='http:\/\/www.w3.org\/2000\/svg' viewBox='0 0 640 640'%3E%3Cfilter id='b' color-interpolation-filters='sRGB'%3E%3CfeGaussianBlur stdDeviation='20'\/%3E%3CfeColorMatrix values='1 0 0 0 0 0 1 0 0 0 0 0 1 0 0 0 0 0 100 -1' result='s'\/%3E%3CfeFlood x='0' y='0' width='100%25' height='100%25'\/%3E%3CfeComposite operator='out' in='s'\/%3E%3CfeComposite in2='SourceGraphic'\/%3E%3CfeGaussianBlur stdDeviation='20'\/%3E%3C\/filter%3E%3Cimage width='100%25' height='100%25' x='0' y='0' preserveAspectRatio='none' style='filter: url(%23b);' href='data:image\/png;base64,iVBORw0KGgoAAAANSUhEUgAAABAAAAAQCAYAAAAf8\/9hAAAEG0lEQVR4AQEQBO\/7AIygoP+TpKT\/oq+v\/7W8u\/\/Fx8f\/0M7N\/9TPz\/\/Sysz\/zMPF\/8S7vv+9t7v\/u7i9\/77Axf\/GzND\/ztfb\/9Tf4v8AiJub\/4+foP+fqqr\/sbe3\/8LDwv\/Nysr\/0szM\/9HIyf\/LwcP\/w7q9\/721uf+6t7v\/vL7C\/8PIzP\/K0tX\/z9rc\/wB8jY\/\/g5GT\/5Sdnv+oq6v\/ube3\/8bAv\/\/Nw8L\/zcHB\/8q8vf\/Dtrj\/vLK0\/7ixtP+3tbj\/ur2\/\/77Fxv\/Bysz\/AGl2ev9we3\/\/g4iK\/5mYl\/+tpqT\/u7Cu\/8W2tP\/It7X\/x7Sz\/8GwsP+7q6z\/tKiq\/6+pqv+tq6z\/rK+v\/6yysv8ATlZf\/1hdZP9vbXD\/iICA\/56Rjv+wnpr\/u6ei\/8Grpv\/Cqqf\/vqel\/7eiof+unZz\/pZmY\/52Xlf+XlpP\/k5aS\/wAsK0H\/PDhH\/1tQVv94aWf\/kX14\/6WNhv+ymJD\/uZ2W\/7uemP+4m5f\/sJaT\/6aPjf+aiIX\/joJ+\/4R+d\/99fHP\/AAAAJv8jBy\/\/TTtD\/29aV\/+JcWn\/nYJ3\/6uMgf+xkYf\/spGJ\/66Nh\/+mh4P\/nIB9\/5B5df+EdG7\/enFn\/3RvY\/8AAAAm\/x8GL\/9MO0L\/blpW\/4hwZv+af3L\/pYd5\/6qIfP+ohXv\/on53\/5l3c\/+PcW7\/hm9r\/4Bwav98c2r\/enZr\/wAXID3\/MTFD\/1VNUv9zZmL\/i3hv\/5qDd\/+ih3n\/ooN3\/517cf+Ub2r\/imdl\/4JkZf9\/a2r\/gXZy\/4WBe\/+JiYH\/ADREVP9DTVn\/YGFl\/3t1cv+PhHz\/nIuA\/6CKf\/+cgnj\/knRt\/4ZkYv96WV3\/dlxi\/3psb\/+Ef3\/\/kJCO\/5icl\/8ARFlm\/09gav9ocHT\/gIB\/\/5KNh\/+ckor\/nY6H\/5aDff+JcXD\/el5k\/21TX\/9sWmf\/dm94\/4aHi\/+Wm5v\/oaim\/wBKZHH\/VGp0\/2p3ff+Ahof\/kJCO\/5mUkf+ZkI3\/kYSF\/4NzeP9zYG3\/Z1Zp\/2ZecP9zc3\/\/hYqR\/5Weof+hrKv\/AEhmdf9Ra3j\/ZXeA\/3qEif+KjpD\/k5KT\/5OPkv+NhYv\/gXeD\/3Joe\/9nYHf\/ZmV7\/291hf9+iJL\/jZme\/5elpv8APmJ0\/0dmd\/9bcX7\/b32G\/3+Hjf+JjJL\/jIuT\/4mFkf+BfI3\/dnKI\/21shf9pbYX\/bHWI\/3SBjv99jJP\/g5WY\/wAtWnD\/N11y\/0xneP9hcoD\/cnyH\/36Djv+FhpP\/hoWV\/4OBlf98e5T\/dHaR\/21zjf9odIr\/Z3eH\/2d7hP9ofoP\/ABZRbP8lVG7\/PV1z\/1Roev9nc4L\/dXyK\/3+Ckv+EhJf\/hISb\/4GBm\/96fZj\/cXiS\/2Zyiv9bboD\/UWt2\/0ppb\/99HJoHPBPgrAAAAABJRU5ErkJggg=='\/%3E%3C\/svg%3E&quot;)\" src=\"https:\/\/www.europesays.com\/at\/wp-content\/uploads\/2026\/09\/sophie-turner-laechelt-23.jpg\" fetchpriority=\"auto\"\/>Getty Images<img decoding=\"async\" alt=\"Bilder Gallerie Button\" class=\"x10l6tqk x1l3r47z xmnqija x1fxk84t x1dnml7z x11xpdln x1d8287x x3oybdh x16gas18\" src=\"https:\/\/www.europesays.com\/at\/wp-content\/uploads\/2026\/09\/1788475811_672_galerie_button.png\" loading=\"lazy\"\/>Sophie Turner, Schauspielerin<img class=\"x13vifvy x10l6tqk x5yr21d xh8yej3 xl1xv1r\" alt=\"Sophie Turner, M\u00e4rz 2023\" width=\"854\" height=\"480\" decoding=\"async\"  loading=\"lazy\" style=\"background-size:cover;background-position:50% 50%;background-repeat:no-repeat;background-image:url(&quot;data:image\/svg+xml;charset=utf-8,%3Csvg xmlns='http:\/\/www.w3.org\/2000\/svg' viewBox='0 0 640 640'%3E%3Cfilter id='b' color-interpolation-filters='sRGB'%3E%3CfeGaussianBlur stdDeviation='20'\/%3E%3CfeColorMatrix values='1 0 0 0 0 0 1 0 0 0 0 0 1 0 0 0 0 0 100 -1' result='s'\/%3E%3CfeFlood x='0' y='0' width='100%25' height='100%25'\/%3E%3CfeComposite operator='out' in='s'\/%3E%3CfeComposite in2='SourceGraphic'\/%3E%3CfeGaussianBlur stdDeviation='20'\/%3E%3C\/filter%3E%3Cimage width='100%25' height='100%25' x='0' y='0' preserveAspectRatio='none' style='filter: url(%23b);' href='data:image\/png;base64,iVBORw0KGgoAAAANSUhEUgAAABAAAAAQCAYAAAAf8\/9hAAAEG0lEQVR4AQEQBO\/7AD5ti\/9Ca4r\/SmiF\/1Vjfv9iXnX\/bVxr\/3ddY\/99YF7\/gGVc\/39oXf95aWH\/bWZm\/1tfa\/9CVXD\/GUlz\/wA\/df8AQG2L\/0Nsif9LaIT\/VWN9\/2Jec\/9tXGr\/eF1i\/4BiXf+EZ1z\/g2tf\/35sY\/9yaWj\/YWJt\/0dXcP8fS3P\/AD90\/wBGcIv\/SG6J\/01pg\/9WY3v\/YV1w\/25cZv97X1\/\/hWVc\/41sXv+PcmP\/i3Ro\/4Bxbf9vaXD\/VF1y\/yxOcv8AQHL\/AE9zi\/9PcYn\/UWuC\/1djd\/9iXWv\/cFtg\/39gWv+Nalv\/mHRg\/517aP+bfm\/\/kXxz\/39zdf9jZHP\/OlJx\/wBBbv8AWHeL\/1d0if9XbYD\/WmR0\/2NcZv9yW1r\/hGJV\/5ZuWP+je2L\/q4Rs\/6qIdf+hhXn\/jnx5\/3Frdf9GVnD\/AEFr\/wBgeov\/X3eI\/11vf\/9fZXD\/Z1xg\/3ZbU\/+KZE\/\/nXJW\/62AY\/+2i3D\/tpB5\/62Nff+agnz\/e3B2\/1BZbv8AQWf\/AGh7i\/9meIj\/ZHB9\/2Rlbv9sXFz\/e1xO\/49lSv+jdFP\/s4Ri\/7yPcf+9lHv\/tJF\/\/6CGff+Bc3b\/Vlpt\/wBBZf8AbXuK\/2x4hv9qcHz\/amVs\/3JdWv+AXEv\/k2ZI\/6Z1Uf+1hGH\/vpBw\/76Uev+1kX7\/oYZ8\/4Nzdf9YWmz\/ED9j\/wBveYj\/bnaE\/25vev9wZWv\/d11Z\/4VdS\/+WZkf\/p3RQ\/7SDXv+8jWz\/u5F2\/7GOe\/+eg3n\/gHBz\/1hXa\/8ZPGP\/AG51hP9ucoD\/b2x3\/3Njav98XVr\/iF5N\/5dmSP+mc0\/\/sX9b\/7aJZ\/+0jHH\/qoh1\/5Z9df96a3D\/VFJp\/xw5Y\/8AaG5+\/2lse\/9tZ3P\/c2Fo\/35dW\/+KXlD\/l2ZL\/6NxT\/+re1j\/roNi\/6qFav+fgG\/\/jHVv\/3Fkbf9NTWj\/GTVk\/wBeZXb\/YGR0\/2dhbv9xXWX\/fVxb\/4pfUv+WZk7\/n29Q\/6R3Vv+kfV3\/n31k\/5J4aP9\/bWr\/ZVxp\/0NHZ\/8NMWX\/AE5bbP9TWmr\/Xllm\/2xZYf97Wlr\/iF9V\/5NmUv+bblL\/nnRV\/5t3Wv+Udl7\/hnBi\/3NlZf9ZVWb\/NkFm\/wAtZv8AOU9h\/0BQYP9RUV7\/ZVRc\/3dZWf+GX1b\/kGZU\/5dtVP+YclX\/lHNX\/4txWv98al7\/aF9h\/01PY\/8nPGX\/AClm\/wAZRFb\/KUVW\/0RJVv9dUFf\/cldX\/4NfVv+OZ1b\/lG1W\/5RxVv+PcVb\/hG1Y\/3RmW\/9fWl7\/Qkth\/xQ5ZP8AJmb\/AAA7Tv8FPU\/\/OERR\/1dMU\/9vVlX\/gF9X\/4xnV\/+SbVf\/kXBW\/4xwVv+AbFf\/cGRZ\/1lYXP87SGD\/ADZj\/wAlZv8koTw2lYq5GgAAAABJRU5ErkJggg=='\/%3E%3C\/svg%3E&quot;)\" src=\"https:\/\/www.europesays.com\/at\/wp-content\/uploads\/2026\/09\/sophie-turner-laechelt-22.jpg\" fetchpriority=\"auto\"\/>Getty Images<img decoding=\"async\" alt=\"Bilder Gallerie Button\" class=\"x10l6tqk x1l3r47z xmnqija x1fxk84t x1dnml7z x11xpdln x1d8287x x3oybdh x16gas18\" src=\"https:\/\/www.europesays.com\/at\/wp-content\/uploads\/2026\/09\/1788475811_672_galerie_button.png\" loading=\"lazy\"\/>Sophie Turner, M\u00e4rz 2023<\/p>\n<p>Die Pannen am Set h\u00e4ufen sich: Wie sehr tr\u00fcbt das eure Vorfreude auf Sophie Turner als Lara Croft?<\/p>\n<p>Ergebnis anzeigen<\/p>\n","protected":false},"excerpt":{"rendered":"Bei den Dreharbeiten zur neuen Serie &#8222;Tomb Raider&#8220; mit Sophie Turner (30) in der Rolle der Lara Croft&hellip;\n","protected":false},"author":2,"featured_media":373774,"comment_status":"","ping_status":"","sticky":false,"template":"","format":"standard","meta":{"footnotes":"","_share_on_mastodon":"0"},"categories":[23],"tags":[46,42,151,147,152,150,44,148],"class_list":["post-373773","post","type-post","status-publish","format-standard","has-post-thumbnail","category-kino","tag-at","tag-austria","tag-cinema","tag-entertainment","tag-kino","tag-movie","tag-oesterreich","tag-unterhaltung"],"share_on_mastodon":{"url":"https:\/\/pubeurope.com\/@at\/117209558247426611","error":""},"_links":{"self":[{"href":"https:\/\/www.europesays.com\/at\/wp-json\/wp\/v2\/posts\/373773","targetHints":{"allow":["GET"]}}],"collection":[{"href":"https:\/\/www.europesays.com\/at\/wp-json\/wp\/v2\/posts"}],"about":[{"href":"https:\/\/www.europesays.com\/at\/wp-json\/wp\/v2\/types\/post"}],"author":[{"embeddable":true,"href":"https:\/\/www.europesays.com\/at\/wp-json\/wp\/v2\/users\/2"}],"replies":[{"embeddable":true,"href":"https:\/\/www.europesays.com\/at\/wp-json\/wp\/v2\/comments?post=373773"}],"version-history":[{"count":0,"href":"https:\/\/www.europesays.com\/at\/wp-json\/wp\/v2\/posts\/373773\/revisions"}],"wp:featuredmedia":[{"embeddable":true,"href":"https:\/\/www.europesays.com\/at\/wp-json\/wp\/v2\/media\/373774"}],"wp:attachment":[{"href":"https:\/\/www.europesays.com\/at\/wp-json\/wp\/v2\/media?parent=373773"}],"wp:term":[{"taxonomy":"category","embeddable":true,"href":"https:\/\/www.europesays.com\/at\/wp-json\/wp\/v2\/categories?post=373773"},{"taxonomy":"post_tag","embeddable":true,"href":"https:\/\/www.europesays.com\/at\/wp-json\/wp\/v2\/tags?post=373773"}],"curies":[{"name":"wp","href":"https:\/\/api.w.org\/{rel}","templated":true}]}}