{"id":373805,"date":"2026-09-03T23:10:25","date_gmt":"2026-09-03T23:10:25","guid":{"rendered":"https:\/\/www.europesays.com\/at\/373805\/"},"modified":"2026-09-03T23:10:25","modified_gmt":"2026-09-03T23:10:25","slug":"das-einzige-gute-an-ridley-scotts-lange-geplanter-sci-fi-trilogie-erhaelt-jetzt-den-abschluss","status":"publish","type":"post","link":"https:\/\/www.europesays.com\/at\/373805\/","title":{"rendered":"Das einzige Gute an Ridley Scotts lange geplanter Sci-Fi-Trilogie erh\u00e4lt jetzt den Abschluss"},"content":{"rendered":"<p>Ridley Scott werkelt nach eigener Aussage an \u201eAlien: Covenant 2\u201c, um die Geschichte von Android David endlich abzuschlie\u00dfen.<\/p>\n<p>Wenn du \u00fcber diese Links einkaufst, erhalten wir eine Provision, die unsere<br \/>\nredaktionelle Arbeit unterst\u00fctzt. Der Preis f\u00fcr dich bleibt dabei<br \/>\nunver\u00e4ndert. Diese Affiliate-Links sind durch ein  Symbol<br \/>\ngekennzeichnet. \u00a0<a class=\"alice-affiliate-info__link\" href=\"https:\/\/www.kino.de\/erloesmodelle\/\" target=\"_blank\" rel=\"nofollow noopener\">Mehr erfahren.<\/a><\/p>\n<p>Ja, Altmeister Ridley Scott hat 1979 mit <a href=\"https:\/\/www.kino.de\/film\/alien-das-unheimliche-wesen-aus-einer-fremden-welt-1979\/\" rel=\"nofollow noopener\" target=\"_blank\">\u201eAlien \u2013 Das unheimliche Wesen aus einer fremden Welt\u201c<\/a> eine der <a href=\"https:\/\/www.kino.de\/artikel\/alien-quiz-wie-heisst-das-raumschiff-aus-dem-ersten-teil-der-sci-fi-horror-reihe--wm9vhgv7vg\" rel=\"nofollow noopener\" target=\"_blank\">bekanntesten Sci-Fi-Filmreihen<\/a> aller Zeiten erschaffen und Filmfans auf aller Welt vielleicht sogar erstmals richtig Angst vor dem eingejagt, was da drau\u00dfen lauern k\u00f6nnte.<\/p>\n<p>Bestens f\u00fcr einen gruseligen wie packenden Filmabend gewappnet seid ihr mit der 6-Film-Collection mit allen \u201eAlien\u201c-Filmen bis auf \u201eAlien: Romulus\u201c. Die Blu-ray-Box erhaltet ihr <a href=\"https:\/\/siren.a.xafl.kino.de?t=https%3A%2F%2Fwww.amazon.de%2FAlien-1-6-Blu-ray%2Fdp%2FB072K1WLPC%2F&amp;s=https%3A%2F%2Fwww.kino.de%2F%3Adoc-redirect%2F%3Fcontent_id%3D479be9a7-7657-4b9c-8218-9b1780421541&amp;channel=website&amp;contentPieceId=479be9a7-7657-4b9c-8218-9b1780421541&amp;site=KINO&amp;deviceType=desktop&amp;affiliateOption=Text-link\" rel=\"nofollow noopener sponsored\" target=\"_blank\" class=\"smb-affiliate-link\" data-smb-track=\"display=Text-link&amp;t=affiliate&amp;href=https%3A%2F%2Fwww.amazon.de%2FAlien-1-6-Blu-ray%2Fdp%2FB072K1WLPC%2F\">zum Top-Preis \u00fcber Amazon<\/a>.<\/p>\n<p>Ridley Scott ist aber auch verantwortlich f\u00fcr den Beinahe-Niedergang der gesamten Filmreihe. Sowohl \u201ePrometheus \u2013 Dunkle Zeichen\u201c als auch \u201eAlien: Covenant\u201c blieb weit hinter den (finanziellen) Erwartungen des Studios zur\u00fcck.<\/p>\n<p>Schlimmer noch: Beide Filme entt\u00e4uschten auch die Fangemeinde. Auf Rotten Tomatoes gibt es lediglich <a href=\"https:\/\/www.rottentomatoes.com\/m\/prometheus_2012\" target=\"_blank\" rel=\"nofollow noopener\">68 %<\/a> f\u00fcr \u201ePrometheus\u201c und <a href=\"https:\/\/www.rottentomatoes.com\/m\/alien_covenant\" target=\"_blank\" rel=\"nofollow noopener\">55 %<\/a> f\u00fcr \u201eAlien: Covenant\u201c.<\/p>\n<p>Vor allem letzterem Film merkte man die hastig zusammengeklaubte Handlung mit potenziellen Last-Minute-\u00c4nderungen am Drehbuch doch sehr stark an. Hintergrund war, dass Neill Blomkamp (\u201eDistrict 9\u201c) vorhatte, mit \u201eAlien 5\u201c direkt an \u201eAliens\u201c anzuschlie\u00dfen. Fans waren bereits aus dem H\u00e4uschen.<\/p>\n<p>Doch Scott machte dem s\u00fcdafrikanischen Filmemacher einen Strich durch die Rechnung, drehte stattdessen mit \u201eAlien: Covenant\u201c einen stark auf Action fokussierten zweiten Teil zu \u201ePrometheus\u201c.<\/p>\n<p><img decoding=\"async\" loading=\"lazy\" src=\"https:\/\/www.europesays.com\/at\/wp-content\/uploads\/2026\/09\/3a7855f868d267ae04482d856f_ZmMgNzI0NzdiY2VmZmZmIDEzMDAgMAMxODM4Zjg2ZTRkNg==.jpg\"  alt=\"ALIEN: COVENANT, Michael Fassbender, 2017. TM and copyright Twentieth Century Fox Film Corporation. All rights reserved.\/ Courtesy Everett Collection ACHTUNG AUFNAHMEDATUM GESCH\u00c4TZT PUBLICATIONxINxGERxSUIxAUTxONLY Copyright: x20thCentFox\/CourtesyxEverettxCollectionx MCDALCO EC027\" title=\"ALIEN: COVENANT, Michael Fassbender, 2017. TM and copyright Twentieth Century Fox Film Corporation. All rights reserved.\/ Courtesy Everett Collection ACHTUNG AUFNAHMEDATUM GESCH\u00c4TZT PUBLICATIONxINxGERxSUIxAUTxONLY Copyright: x20thCentFox\/CourtesyxEverettxCollectionx MCDALCO EC027\"\/><\/p>\n<p>\u00a9 IMAGO \/ Everett Collection \/ 20th Century Fox<\/p>\n<p>Erfahren Fans endlich, wohin es David verschlagen hat?<\/p>\n<p>Nun will Scott trotz allem einen weiteren \u201eAlien\u201c-Film drehen. Es ist schon l\u00e4nger bekannt, dass der 88-J\u00e4hrige dieses Vorhaben hegt. Nun best\u00e4tigte er es gegen\u00fcber der\u00a0<a href=\"https:\/\/www.latimes.com\/entertainment-arts\/movies\/story\/2026-08-26\/ridley-scott-director-dog-stars-alien-blade-runner-gladiator-artificial-intelligence-ai\" target=\"_blank\" rel=\"nofollow noopener\">Los Angeles Times<\/a> im Rahmen seines neuen Endzeit-Thrillers <a href=\"https:\/\/www.kino.de\/film\/the-dog-stars-2026\/\" rel=\"nofollow noopener\" target=\"_blank\">\u201eDas Ende der Sterne\u201c<\/a>.<\/p>\n<p>Die Fortsetzung soll sich um Android David (Michael Fassbender) aus den beiden vorangegangenen Sci-Fi-Filmen drehen, der sich \u201eeine sch\u00f6ne neue Welt\u201c erschaffen habe, so Scott. Er sei von dieser fehlerbehafteten k\u00fcnstlichen Intelligenz fasziniert:\u00a0\u201eK\u00fcnstliche Intelligenz kann durchdrehen; und wenn sie das tut, dann ist sie wie eine Bombe.\u201c<\/p>\n<p>Schaut euch hier den Trailer zu Scotts neuem Film \u201eDas Ende der Sterne\u201c an:<\/p>\n<p><img decoding=\"async\" class=\"alice-video-feed__placeholder-image\" fetchpriority=\"high\" alt=\"Das Ende der Sterne - Trailer Deutsch\" title=\"Das Ende der Sterne - Trailer Deutsch\" src=\"https:\/\/www.europesays.com\/at\/wp-content\/uploads\/2026\/09\/5360646463bb88635536ff1df6_cmUgMTIwMCAwAzg4NTA2MzgzM2Zm.jpg\" \/>Ist \u201eAlien: Romulus 2\u201c wegen Ridley Scott gecancelt?<\/p>\n<p>Auch wenn ich mich freue, Android David wiederzusehen und endlich zu erfahren, wie es mit ihm weitergeht, komme ich nicht umhin, bei dieser Meldung eine beunruhigende Parallele zu Blomkamps \u201eAlien 5\u201c zu erkennen.<\/p>\n<p>Damals hat Scott \u201eAlien: Covenant\u201c mit aller Macht vorangetrieben, um die Kontrolle \u00fcber das \u201eAlien\u201c-Franchise zu behalten und Blomkamp zu verdr\u00e4ngen. Auch dieses Mal soll er interveniert haben, um \u201eAlien: Romulus 2\u201c zu behindern. So hei\u00dft es, der Altmeister sei der wahre Grund f\u00fcr das Ausscheiden von \u201eAlien: Romulus\u201c-Regisseur Fede \u00c1lvarez und die Probleme, den vakanten Regieposten neu zu besetzen.<\/p>\n<p>\u201eAlien: Romulus\u201c war ein Kassenerfolg und kam auch bei den Fans sehr gut an. M\u00f6glicherweise f\u00fchlte sich Scott in seiner Ehre gekr\u00e4nkt und will es nun allen noch einmal zeigen mit \u201eAlien: Covenant 2\u201c.<\/p>\n","protected":false},"excerpt":{"rendered":"Ridley Scott werkelt nach eigener Aussage an \u201eAlien: Covenant 2\u201c, um die Geschichte von Android David endlich abzuschlie\u00dfen.&hellip;\n","protected":false},"author":2,"featured_media":373806,"comment_status":"","ping_status":"","sticky":false,"template":"","format":"standard","meta":{"footnotes":"","_share_on_mastodon":"0"},"categories":[23],"tags":[46,42,151,147,152,150,44,148],"class_list":["post-373805","post","type-post","status-publish","format-standard","has-post-thumbnail","category-kino","tag-at","tag-austria","tag-cinema","tag-entertainment","tag-kino","tag-movie","tag-oesterreich","tag-unterhaltung"],"share_on_mastodon":{"url":"https:\/\/pubeurope.com\/@at\/117209637407160122","error":""},"_links":{"self":[{"href":"https:\/\/www.europesays.com\/at\/wp-json\/wp\/v2\/posts\/373805","targetHints":{"allow":["GET"]}}],"collection":[{"href":"https:\/\/www.europesays.com\/at\/wp-json\/wp\/v2\/posts"}],"about":[{"href":"https:\/\/www.europesays.com\/at\/wp-json\/wp\/v2\/types\/post"}],"author":[{"embeddable":true,"href":"https:\/\/www.europesays.com\/at\/wp-json\/wp\/v2\/users\/2"}],"replies":[{"embeddable":true,"href":"https:\/\/www.europesays.com\/at\/wp-json\/wp\/v2\/comments?post=373805"}],"version-history":[{"count":0,"href":"https:\/\/www.europesays.com\/at\/wp-json\/wp\/v2\/posts\/373805\/revisions"}],"wp:featuredmedia":[{"embeddable":true,"href":"https:\/\/www.europesays.com\/at\/wp-json\/wp\/v2\/media\/373806"}],"wp:attachment":[{"href":"https:\/\/www.europesays.com\/at\/wp-json\/wp\/v2\/media?parent=373805"}],"wp:term":[{"taxonomy":"category","embeddable":true,"href":"https:\/\/www.europesays.com\/at\/wp-json\/wp\/v2\/categories?post=373805"},{"taxonomy":"post_tag","embeddable":true,"href":"https:\/\/www.europesays.com\/at\/wp-json\/wp\/v2\/tags?post=373805"}],"curies":[{"name":"wp","href":"https:\/\/api.w.org\/{rel}","templated":true}]}}