{"id":373831,"date":"2026-09-03T23:25:17","date_gmt":"2026-09-03T23:25:17","guid":{"rendered":"https:\/\/www.europesays.com\/at\/373831\/"},"modified":"2026-09-03T23:25:17","modified_gmt":"2026-09-03T23:25:17","slug":"mel-gibson-nach-buehnenvorfall-in-der-kritik","status":"publish","type":"post","link":"https:\/\/www.europesays.com\/at\/373831\/","title":{"rendered":"Mel Gibson nach B\u00fchnenvorfall in der Kritik"},"content":{"rendered":"<p>Es ist nicht das erste Mal, dass Mel Gibson wegen seines Verhaltens oder \u00f6ffentlicher Aussagen in die Schlagzeilen ger\u00e4t. In der Vergangenheit sorgte der Schauspieler mehrfach mit homophoben, antisemitischen und fremdenfeindlichen \u00c4u\u00dferungen f\u00fcr Kritik. Zudem verbreitete er Verschw\u00f6rungstheorien im Zusammenhang mit den Waldbr\u00e4nden in S\u00fcdkalifornien.<\/p>\n","protected":false},"excerpt":{"rendered":"Es ist nicht das erste Mal, dass Mel Gibson wegen seines Verhaltens oder \u00f6ffentlicher Aussagen in die Schlagzeilen&hellip;\n","protected":false},"author":2,"featured_media":373832,"comment_status":"","ping_status":"","sticky":false,"template":"","format":"standard","meta":{"footnotes":"","_share_on_mastodon":"0"},"categories":[27],"tags":[46,42,55686,82773,175,147,22561,93617,93618,76268,2071,9058,1482,84134,44,176,1000,148],"class_list":["post-373831","post","type-post","status-publish","format-standard","has-post-thumbnail","category-prominente","tag-at","tag-austria","tag-braveheart","tag-buehnenauftritt","tag-celebrities","tag-entertainment","tag-entschuldigung","tag-fan-expo","tag-gebaerdendolmetscherin","tag-gebaerdensprache","tag-hollywood","tag-kontroverse","tag-kritik","tag-mad-max","tag-oesterreich","tag-prominente","tag-stars","tag-unterhaltung"],"share_on_mastodon":{"url":"https:\/\/pubeurope.com\/@at\/117209695696206663","error":""},"_links":{"self":[{"href":"https:\/\/www.europesays.com\/at\/wp-json\/wp\/v2\/posts\/373831","targetHints":{"allow":["GET"]}}],"collection":[{"href":"https:\/\/www.europesays.com\/at\/wp-json\/wp\/v2\/posts"}],"about":[{"href":"https:\/\/www.europesays.com\/at\/wp-json\/wp\/v2\/types\/post"}],"author":[{"embeddable":true,"href":"https:\/\/www.europesays.com\/at\/wp-json\/wp\/v2\/users\/2"}],"replies":[{"embeddable":true,"href":"https:\/\/www.europesays.com\/at\/wp-json\/wp\/v2\/comments?post=373831"}],"version-history":[{"count":0,"href":"https:\/\/www.europesays.com\/at\/wp-json\/wp\/v2\/posts\/373831\/revisions"}],"wp:featuredmedia":[{"embeddable":true,"href":"https:\/\/www.europesays.com\/at\/wp-json\/wp\/v2\/media\/373832"}],"wp:attachment":[{"href":"https:\/\/www.europesays.com\/at\/wp-json\/wp\/v2\/media?parent=373831"}],"wp:term":[{"taxonomy":"category","embeddable":true,"href":"https:\/\/www.europesays.com\/at\/wp-json\/wp\/v2\/categories?post=373831"},{"taxonomy":"post_tag","embeddable":true,"href":"https:\/\/www.europesays.com\/at\/wp-json\/wp\/v2\/tags?post=373831"}],"curies":[{"name":"wp","href":"https:\/\/api.w.org\/{rel}","templated":true}]}}