{"id":373835,"date":"2026-09-03T23:28:24","date_gmt":"2026-09-03T23:28:24","guid":{"rendered":"https:\/\/www.europesays.com\/at\/373835\/"},"modified":"2026-09-03T23:28:24","modified_gmt":"2026-09-03T23:28:24","slug":"das-singen-stevie-nicks-und-olivia-rodrigo-in-practical-magic-2","status":"publish","type":"post","link":"https:\/\/www.europesays.com\/at\/373835\/","title":{"rendered":"Das singen Stevie Nicks und Olivia Rodrigo in \u201ePractical Magic 2\u201c"},"content":{"rendered":"<p>        <img decoding=\"async\" src=\"https:\/\/www.europesays.com\/at\/wp-content\/uploads\/2026\/09\/1788478102_138_rs-badge-recommendation.png\" alt=\"ROLLING STONE Badge\"\/><\/p>\n<p>Empfehlungen der\u00a0Redaktion<\/p>\n<p><img loading=\"lazy\" decoding=\"async\" src=\"https:\/\/www.europesays.com\/at\/wp-content\/uploads\/2026\/09\/537104465ead4510b4bac59275866b48.gif\" alt=\"\" width=\"1\" height=\"1\"\/>Vergangenes Wochenende headlinete <a href=\"https:\/\/www.rollingstone.de\/olivia-rodrigo-monica-barbaro-filmbiografie-3185237\/\" target=\"_blank\" rel=\"noopener nofollow\">Olivia Rodrigo<\/a> ihr erstes Daisy Chain Fields Festival in Irvine, Kalifornien. Nachdem sie bereits Sarah McLachlan und Alanis Morissette auf die B\u00fchne geholt hatte, lud sie auch Stevie Nicks ein. Nach einem zauberhaften Duett bei \u201eLandslide\u201c wandte sich Nicks an die 45.000 Fans im Publikum. \u201eSie erinnert mich an mich selbst, als ich in ihrem Alter war, vor 100 Jahren\u201c, sagte sie \u00fcber Rodrigo. <a href=\"https:\/\/www.rollingstone.com\/music\/music-news\/stevie-nicks-olivia-rodrigo-practical-magic-2-1235619423\/\" target=\"_blank\" rel=\"noopener nofollow\">\u201eUnd ich bin ein bisschen \u00fcberw\u00e4ltigt, dass sie das alles auf die Beine stellen kann.\u201c<\/a><\/p>\n<p>Stunden sp\u00e4ter teilte Sandra Bullock das ROLLING-STONE-Video von \u201eLandslide\u201c in ihrer Instagram-Story \u2013 mit dem Kommentar: \u201eEngelsstimmen, die Teil eines kommenden Films sind.\u201c Ein Hinweis auf \u201ePractical Magic 2\u201c, die lang ersehnte Fortsetzung des romantischen Fantasyfilms von 1998, in dem Bullock und Nicole Kidman Hexenschwestern spielen. Beide Schauspielerinnen kehren f\u00fcr den neuen Film zur\u00fcck, ebenso ihre Leinwandtanten (Stockard Channing und Dianne Wiest), dazu neue Gesichter (Joey King, Maisie Williams und Lee Pace) \u2013 und ja, auch diese fabelhafte K\u00fcche.<\/p>\n<p>ROLLING STONE kann best\u00e4tigen: Nicks und Rodrigo sind tats\u00e4chlich auf dem Soundtrack vertreten. Allerdings jeweils f\u00fcr sich \u2013 Rodrigos \u201eThe Cure\u201c ist in einer Szene zu h\u00f6ren, \u201eLandslide\u201c in einer anderen. F\u00fcr Nicks schlie\u00dft sich damit ein Kreis: Schon im Original lief ihr Song \u201eCrystal\u201c. Und wie sie ROLLING STONE 2024 erz\u00e4hlte, war sie begeistert, beim Sequel dabei zu sein. \u201eIch finde wirklich, sie sollten mich an der Musik beteiligen\u201c, sagte sie damals. \u201eSobald ich nach Hause komme, werde ich anrufen und sagen: \u201aH\u00f6rt mal, ihr m\u00fcsst mir erlauben, einen Song beizusteuern \u2013 und mit euch vom Dach zu springen.\u2019\u201c Mission erf\u00fcllt.<\/p>\n<p>Rodrigo \u00fcber \u201eThe Cure\u201c<\/p>\n<p>Rodrigo spielte \u201eThe Cure\u201c w\u00e4hrend ihres mitrei\u00dfenden Daisy-Chain-Sets \u2013 und wenige Tage sp\u00e4ter erneut in Los Angeles, als sie im Grammy Museum mit ROLLING-STONE-Alumnus Cameron Crowe sprach. Den Track von \u201eYou Seem Pretty Sad for a Girl So in Love\u201c bezeichnete sie als einen ihrer \u201eliebsten Songs\u201c, die sie je geschrieben hat. \u201eDas Konzept von \u201aThe Cure\u2018 war ein Gef\u00fchl, das ich schon sehr lange in Worte fassen wollte, aber irgendwie nicht konnte\u201c, sagte sie. \u201eUnd das ist eigentlich das Sch\u00f6ne am Songwriting: Es zeigt einem, wie man sich wirklich f\u00fchlt. Ich glaube, ich wei\u00df selbst oft nicht, wie ich \u00fcber etwas denke, bis ich einen Song dar\u00fcber geschrieben habe \u2013 und das hilft mir sehr, mit meinen Gef\u00fchlen klarzukommen.\u201c<\/p>\n<p>\u201ePractical Magic 2\u201c kommt am 10. September in die Kinos.<\/p>\n","protected":false},"excerpt":{"rendered":"Empfehlungen der\u00a0Redaktion Vergangenes Wochenende headlinete Olivia Rodrigo ihr erstes Daisy Chain Fields Festival in Irvine, Kalifornien. Nachdem sie&hellip;\n","protected":false},"author":2,"featured_media":373836,"comment_status":"","ping_status":"","sticky":false,"template":"","format":"standard","meta":{"footnotes":"","_share_on_mastodon":"0"},"categories":[24],"tags":[46,42,147,29492,153,154,30986,44,38563,29493,148],"class_list":["post-373835","post","type-post","status-publish","format-standard","has-post-thumbnail","category-musik","tag-at","tag-austria","tag-entertainment","tag-fleetwood-mac","tag-music","tag-musik","tag-olivia-rodrigo","tag-oesterreich","tag-practical-magic","tag-stevie-nicks","tag-unterhaltung"],"share_on_mastodon":{"url":"https:\/\/pubeurope.com\/@at\/117209707908399003","error":""},"_links":{"self":[{"href":"https:\/\/www.europesays.com\/at\/wp-json\/wp\/v2\/posts\/373835","targetHints":{"allow":["GET"]}}],"collection":[{"href":"https:\/\/www.europesays.com\/at\/wp-json\/wp\/v2\/posts"}],"about":[{"href":"https:\/\/www.europesays.com\/at\/wp-json\/wp\/v2\/types\/post"}],"author":[{"embeddable":true,"href":"https:\/\/www.europesays.com\/at\/wp-json\/wp\/v2\/users\/2"}],"replies":[{"embeddable":true,"href":"https:\/\/www.europesays.com\/at\/wp-json\/wp\/v2\/comments?post=373835"}],"version-history":[{"count":0,"href":"https:\/\/www.europesays.com\/at\/wp-json\/wp\/v2\/posts\/373835\/revisions"}],"wp:featuredmedia":[{"embeddable":true,"href":"https:\/\/www.europesays.com\/at\/wp-json\/wp\/v2\/media\/373836"}],"wp:attachment":[{"href":"https:\/\/www.europesays.com\/at\/wp-json\/wp\/v2\/media?parent=373835"}],"wp:term":[{"taxonomy":"category","embeddable":true,"href":"https:\/\/www.europesays.com\/at\/wp-json\/wp\/v2\/categories?post=373835"},{"taxonomy":"post_tag","embeddable":true,"href":"https:\/\/www.europesays.com\/at\/wp-json\/wp\/v2\/tags?post=373835"}],"curies":[{"name":"wp","href":"https:\/\/api.w.org\/{rel}","templated":true}]}}