{"id":373851,"date":"2026-09-03T23:36:12","date_gmt":"2026-09-03T23:36:12","guid":{"rendered":"https:\/\/www.europesays.com\/at\/373851\/"},"modified":"2026-09-03T23:36:12","modified_gmt":"2026-09-03T23:36:12","slug":"gazastreifen-rechtsextremer-ben-gvir-will-palaestinenser-in-wenigen-jahren-umsiedeln","status":"publish","type":"post","link":"https:\/\/www.europesays.com\/at\/373851\/","title":{"rendered":"Gazastreifen: Rechtsextremer Ben-Gvir will Pal\u00e4stinenser in wenigen Jahren umsiedeln"},"content":{"rendered":"<p class=\"paragraph article__item\">Wenige Wochen vor den israelischen Parlamentswahlen hat der rechtsextreme Sicherheitsminister Itamar Ben-Gvir seinen Plan zur Umsiedlung der Pal\u00e4stinenser aus dem <a class=\"rtr-entity\" href=\"https:\/\/www.zeit.de\/thema\/gazastreifen\" rel=\"nofollow noopener\" target=\"_blank\">Gazastreifen<\/a> vorgestellt. Die \u00bbEmigration der Bewohner des Gazastreifens\u00ab m\u00fcsse vorangetrieben<br \/>\nwerden, forderte er bei einem Fernsehauftritt. Die Menschen w\u00fcrden aber nicht \u00bbgezwungen\u00ab werden, f\u00fcgte er hinzu.\n<\/p>\n<p class=\"paragraph article__item\">Die<br \/>\nZwangsumsiedlung von Zivilisten in besetzten Gebieten ist gem\u00e4\u00df den<br \/>\nGenfer Konventionen ein Kriegsverbrechen. Das UN-Menschenrechtsb\u00fcro in Genf hat Israel bereits im Februar <a href=\"https:\/\/www.zeit.de\/politik\/ausland\/2026-02\/nahost-gazastreifen-un-bericht-anzeichen-ethnische-saeuberungen-gxe\" target=\"_blank\" rel=\"nofollow noopener\">die systematische Vertreibung der Bev\u00f6lkerung in den von Israel besetzten pal\u00e4stinensischen Gebieten vorgeworfen.<\/a>\n<\/p>\n<p>                                    Zwei Millionen Einwohner in sieben Jahren            <\/p>\n<p class=\"paragraph article__item\">Ben-Gvirs Plan sieht vor, im ersten Jahr 250.000 Pal\u00e4stinenser aus dem schmalen K\u00fcstenstreifen zu bringen, gefolgt von den \u00fcbrigen rund zwei Millionen Einwohnern in den folgenden sechs Jahren, hei\u00dft es in der Brosch\u00fcre. Einige L\u00e4nder seien \u00bbbereit\u00ab, Menschen aus dem Gazastreifen aufzunehmen, sagte Ben-Gvir. Als m\u00f6gliche Ziell\u00e4nder werden im Dokument unter anderem die T\u00fcrkei, \u00c4thiopien, die<br \/>\nDemokratische Republik Kongo und arabische Staaten genannt.\n<\/p>\n<p class=\"paragraph article__item\">Ben-Gvir<br \/>\nsagte: \u00bbWir<br \/>\nm\u00fcssen diese historische Gelegenheit nutzen, um eine historische L\u00f6sung<br \/>\nherbeizuf\u00fchren.\u00ab <a href=\"https:\/\/www.zeit.de\/politik\/ausland\/2026-08\/itamar-ben-gvir-friedrich-merz-cdu-israel-gezielte-toetungen-gxe\" target=\"_blank\" rel=\"nofollow noopener\">Vor wenigen Wochen hatte der Minister durch  menschenverachtende \u00c4u\u00dferungen zur T\u00f6tung von Pal\u00e4stinensern einen Skandal ausgel\u00f6st. <\/a>\n<\/p>\n<p>            Trump l\u00f6ste mit Pl\u00e4nen f\u00fcr Gaza Emp\u00f6rung aus            <\/p>\n<p class=\"paragraph article__item\">Israels Verteidigungsminister Israel Katz hatte<br \/>\n am Mittwoch ebenfalls gesagt, sein Land sei bereit, Pal\u00e4stinenser aus dem<br \/>\nGazastreifen umzusiedeln, falls die USA ihre Zustimmung g\u00e4ben.<a href=\"https:\/\/www.zeit.de\/kultur\/2025-07\/geplantes-lager-palaestinenser-israel-gazastreifen-600000-nahost\" target=\"_blank\" rel=\"nofollow noopener\"> Katz<br \/>\nsetzt sich seit mehreren Monaten f\u00fcr eine solche Ma\u00dfnahme ein<\/a>, die er als<br \/>\nfreiwillige Auswanderung der pal\u00e4stinensischen Bev\u00f6lkerung pr\u00e4sentiert.<\/p>\n<p>                            \u00a9\u00a0Lea Dohle<\/p>\n<p>\n                                        Newsletter<br \/>\n                                        Was jetzt? \u2013 Der t\u00e4gliche Morgen\u00fcberblick<\/p>\n<p class=\"newsletter-signup__text\">Starten Sie mit unserem kurzen Nachrichten-Newsletter in den Tag. Erhalten Sie zudem freitags das digitale Magazin ZEIT am Wochenende.<\/p>\n<p class=\"newsletter-signup__datapolicy\" hidden=\"\">\n            Mit Ihrer Registrierung nehmen Sie die <a href=\"https:\/\/datenschutz.zeit.de\/zon#Newsletter\" target=\"_blank\" rel=\"nofollow noopener\">Datenschutzerkl\u00e4rung<\/a> zur Kenntnis.\n        <\/p>\n<p>    Vielen Dank! Wir haben Ihnen eine E-Mail geschickt.<\/p>\n<p>Pr\u00fcfen Sie Ihr Postfach und best\u00e4tigen Sie das Newsletter-Abonnement.<\/p>\n<p class=\"paragraph article__item\">Die Idee eines Gazastreifens ohne Pal\u00e4stinenser wird von breiten Teilen der israelischen Regierung unterst\u00fctzt. W\u00e4hrend Israel seine Pl\u00e4ne als \u00bbfreiwillige Abwanderung\u00ab bezeichnet, l\u00f6sten diese international den Vorwurf aus, Israel plane einen Zwangstransfer der einheimischen pal\u00e4stinensischen Bev\u00f6lkerung.\n<\/p>\n<p class=\"paragraph article__item\">US-Pr\u00e4sident Donald Trump hatte zu Beginn<br \/>\nseiner zweiten Amtszeit mit der Forderung Emp\u00f6rung ausgel\u00f6st, dass alle<br \/>\nzwei Millionen Pal\u00e4stinenser den Gazastreifen verlassen sollten. Er<br \/>\nsprach damals davon, <a href=\"https:\/\/www.zeit.de\/kultur\/2025-02\/ki-video-gaza-donald-trump-plaene-soziale-medien\" target=\"_blank\" rel=\"nofollow noopener\">den vom Krieg verw\u00fcsteten K\u00fcstenstreifen in ein Luxus-Urlaubsziel umzugestalten. <\/a>Nach<br \/>\nheftigem Widerstand unter anderem aus \u00c4gypten r\u00fcckte Trump schlie\u00dflich<br \/>\ndavon ab.\n<\/p>\n<p class=\"paragraph article__item\"><a href=\"https:\/\/www.zeit.de\/politik\/ausland\/2025-10\/krieg-gaza-israel-hamas-liveblog\" target=\"_blank\" rel=\"nofollow noopener\">Alle aktuellen Entwicklungen lesen Sie im Liveblog.<\/a>\n<\/p>\n<p>Mehr zum Thema<\/p>\n<p>            Nahostkonflikt        <\/p>\n<p>                <a href=\"https:\/\/www.zeit.de\/politik\/ausland\/2026-08\/westjordanland-gewalt-siedler-militaer-5vor8\" data-ct-label=\"Gewalt im Westjordanland: Wer stoppt die Landr\u00e4uber?\" data-uuid=\"c3b4c130-05b5-492f-ae65-52116c55da10\" rel=\"nofollow noopener\" target=\"_blank\"><\/p>\n<p>        Z+ (abopflichtiger Inhalt);<\/p>\n<p>    Gewalt im Westjordanland:<br \/>\n                        Wer stoppt die Landr\u00e4uber?<\/p>\n<p>                <\/a><\/p>\n<p>                <a href=\"https:\/\/www.zeit.de\/politik\/ausland\/2026-08\/itamar-ben-gvir-polizeiminister-israel-gaza-palaestinenser-hass\" data-ct-label=\"Itamar Ben-Gvir: Minister des Hasses\" data-uuid=\"f3463842-ea1f-4c58-bcc7-47d5bf566e3e\" rel=\"nofollow noopener\" target=\"_blank\"><\/p>\n<p>                        Itamar Ben-Gvir:<br \/>\n                        Minister des Hasses<\/p>\n<p>                <\/a><\/p>\n<p>                <a href=\"https:\/\/www.zeit.de\/2026\/36\/israel-legitimitaet-krieg-hamas-westjordanland\" data-ct-label=\"Israel: Israel. Eine Verteidigung\" data-uuid=\"0aea774f-89c9-4d95-accb-a3bbce7a2164\" rel=\"nofollow noopener\" target=\"_blank\"><\/p>\n<p>        Z+ (abopflichtiger Inhalt);<\/p>\n<p>    Israel:<br \/>\n                        Israel. Eine Verteidigung<\/p>\n<p>                <\/a><\/p>\n","protected":false},"excerpt":{"rendered":"Wenige Wochen vor den israelischen Parlamentswahlen hat der rechtsextreme Sicherheitsminister Itamar Ben-Gvir seinen Plan zur Umsiedlung der Pal\u00e4stinenser&hellip;\n","protected":false},"author":2,"featured_media":373852,"comment_status":"","ping_status":"","sticky":false,"template":"","format":"standard","meta":{"footnotes":"","_share_on_mastodon":"0"},"categories":[12],"tags":[80906,53522,2019,29772,93621,40,41,269,7738,39,93620,66,65,64],"class_list":["post-373851","post","type-post","status-publish","format-standard","has-post-thumbnail","category-welt","tag-ausreise","tag-ben-gvir","tag-gazastreifen","tag-itamar-ben-gvir","tag-kuestenstreifen","tag-nachrichten","tag-news","tag-politik","tag-rechtsextreme","tag-schlagzeilen","tag-umsiedlungsplan","tag-welt","tag-world","tag-world-news"],"share_on_mastodon":{"url":"https:\/\/pubeurope.com\/@at\/117209738915988835","error":""},"_links":{"self":[{"href":"https:\/\/www.europesays.com\/at\/wp-json\/wp\/v2\/posts\/373851","targetHints":{"allow":["GET"]}}],"collection":[{"href":"https:\/\/www.europesays.com\/at\/wp-json\/wp\/v2\/posts"}],"about":[{"href":"https:\/\/www.europesays.com\/at\/wp-json\/wp\/v2\/types\/post"}],"author":[{"embeddable":true,"href":"https:\/\/www.europesays.com\/at\/wp-json\/wp\/v2\/users\/2"}],"replies":[{"embeddable":true,"href":"https:\/\/www.europesays.com\/at\/wp-json\/wp\/v2\/comments?post=373851"}],"version-history":[{"count":0,"href":"https:\/\/www.europesays.com\/at\/wp-json\/wp\/v2\/posts\/373851\/revisions"}],"wp:featuredmedia":[{"embeddable":true,"href":"https:\/\/www.europesays.com\/at\/wp-json\/wp\/v2\/media\/373852"}],"wp:attachment":[{"href":"https:\/\/www.europesays.com\/at\/wp-json\/wp\/v2\/media?parent=373851"}],"wp:term":[{"taxonomy":"category","embeddable":true,"href":"https:\/\/www.europesays.com\/at\/wp-json\/wp\/v2\/categories?post=373851"},{"taxonomy":"post_tag","embeddable":true,"href":"https:\/\/www.europesays.com\/at\/wp-json\/wp\/v2\/tags?post=373851"}],"curies":[{"name":"wp","href":"https:\/\/api.w.org\/{rel}","templated":true}]}}