{"id":373869,"date":"2026-09-03T23:47:22","date_gmt":"2026-09-03T23:47:22","guid":{"rendered":"https:\/\/www.europesays.com\/at\/373869\/"},"modified":"2026-09-03T23:47:22","modified_gmt":"2026-09-03T23:47:22","slug":"till-lindemanns-ex-gitarristin-wie-sie-den-weg-in-geheime-okkultismus-logen-fand","status":"publish","type":"post","link":"https:\/\/www.europesays.com\/at\/373869\/","title":{"rendered":"Till Lindemanns Ex-Gitarristin: Wie sie den Weg in geheime Okkultismus-Logen fand"},"content":{"rendered":"<p class=\"text-black text-[17px] leading-7 font-normal font-merriweather\">\n              Mitten in der Nacht im Flugzeug. Nach eigenen Angaben hat <a href=\"https:\/\/www.berliner-zeitung.de\/article\/till-lindemanns-ex-gitarristin-berliner-hardcore-techno-hat-mein-leben-veraendert-10023232\" rel=\"nofollow noopener\" target=\"_blank\">Dani Sophia<\/a> nur zwei Stunden geschlafen. Doch statt zu ruhen, \u00f6ffnet <a href=\"https:\/\/www.berliner-zeitung.de\/article\/till-lindemann-singt-todeslied-live-in-krakau-bekomme-jedes-mal-pipi-in-den-augen-10326101\" rel=\"nofollow noopener\" target=\"_blank\">Till Lindemanns<\/a> Ex-Gitarristin Instagram und postet eine Story, wie es sie von ihr immer wieder mal gibt. <\/p>\n<p>Die Gitarristin, die 2025 monatelang mit der Solo-Band des <a href=\"https:\/\/www.berliner-zeitung.de\/article\/rammstein-lied-darum-wollten-die-klitschko-brueder-den-song-sonne-nicht-haben-10018869\" rel=\"nofollow noopener\" target=\"_blank\">Rammstein<\/a>-S\u00e4ngers durch Europa tourte, k\u00fcndigt \u201eoccult rant time\u201c an \u2013 Zeit f\u00fcr einen okkulten Gedankenstrom.<\/p>\n<p>Wer ihr auf Instagram folgt, kennt solche Momente. Okkultismus und Geheimlehren sind Themen, zu denen sich die einstige Lindemann-Gitarristin \u00f6fter \u00f6ffentlich \u00e4u\u00dfert. Doch die Story sticht diesmal durch L\u00e4nge und Detailtiefe hervor.\n            <\/p>\n","protected":false},"excerpt":{"rendered":"Mitten in der Nacht im Flugzeug. Nach eigenen Angaben hat Dani Sophia nur zwei Stunden geschlafen. Doch statt&hellip;\n","protected":false},"author":2,"featured_media":373870,"comment_status":"","ping_status":"","sticky":false,"template":"","format":"standard","meta":{"footnotes":"","_share_on_mastodon":"0"},"categories":[24],"tags":[46,42,15873,147,75,958,27419,153,154,93622,44,8973,44388,148],"class_list":["post-373869","post","type-post","status-publish","format-standard","has-post-thumbnail","category-musik","tag-at","tag-austria","tag-dani-sophia","tag-entertainment","tag-europa","tag-instagram","tag-loge","tag-music","tag-musik","tag-okkultismus","tag-oesterreich","tag-rammstein","tag-till-lindemann","tag-unterhaltung"],"share_on_mastodon":{"url":"https:\/\/pubeurope.com\/@at\/117209782562364365","error":""},"_links":{"self":[{"href":"https:\/\/www.europesays.com\/at\/wp-json\/wp\/v2\/posts\/373869","targetHints":{"allow":["GET"]}}],"collection":[{"href":"https:\/\/www.europesays.com\/at\/wp-json\/wp\/v2\/posts"}],"about":[{"href":"https:\/\/www.europesays.com\/at\/wp-json\/wp\/v2\/types\/post"}],"author":[{"embeddable":true,"href":"https:\/\/www.europesays.com\/at\/wp-json\/wp\/v2\/users\/2"}],"replies":[{"embeddable":true,"href":"https:\/\/www.europesays.com\/at\/wp-json\/wp\/v2\/comments?post=373869"}],"version-history":[{"count":0,"href":"https:\/\/www.europesays.com\/at\/wp-json\/wp\/v2\/posts\/373869\/revisions"}],"wp:featuredmedia":[{"embeddable":true,"href":"https:\/\/www.europesays.com\/at\/wp-json\/wp\/v2\/media\/373870"}],"wp:attachment":[{"href":"https:\/\/www.europesays.com\/at\/wp-json\/wp\/v2\/media?parent=373869"}],"wp:term":[{"taxonomy":"category","embeddable":true,"href":"https:\/\/www.europesays.com\/at\/wp-json\/wp\/v2\/categories?post=373869"},{"taxonomy":"post_tag","embeddable":true,"href":"https:\/\/www.europesays.com\/at\/wp-json\/wp\/v2\/tags?post=373869"}],"curies":[{"name":"wp","href":"https:\/\/api.w.org\/{rel}","templated":true}]}}