{"id":373885,"date":"2026-09-03T23:56:13","date_gmt":"2026-09-03T23:56:13","guid":{"rendered":"https:\/\/www.europesays.com\/at\/373885\/"},"modified":"2026-09-03T23:56:13","modified_gmt":"2026-09-03T23:56:13","slug":"irans-revolutionsgarden-drohen-den-usa-mit-rache","status":"publish","type":"post","link":"https:\/\/www.europesays.com\/at\/373885\/","title":{"rendered":"Irans Revolutionsgarden drohen den USA mit Rache"},"content":{"rendered":"<p>Der Chef der iranischen Revolutionsgarden hat mit Rache f\u00fcr den t\u00f6dlichen Angriff auf eine Hochzeitsfeier gedroht, f\u00fcr den der Iran die USA verantwortlich macht. &#8222;Das reine Blut dieser unterdr\u00fcckten M\u00e4rtyrer&#8220; werde &#8222;nicht unges\u00fchnt bleiben und sicherlich ger\u00e4cht werden&#8220;, sagte Revolutionsgarden-Chef Ahmed Vahidi. Iranischen Beh\u00f6rden zufolge war Dienstagabend im S\u00fcden des Iran ein Wohnhaus getroffen worden, in dem gerade eine Hochzeit stattfand. Es gab vier Tote.<\/p>\n<p>Au\u00dferdem wurden 68 Menschen verletzt. Iranische Beh\u00f6rdenvertreter sprachen von einem &#8222;Kriegsverbrechen&#8220;. Die USA \u00e4u\u00dferten sich nicht direkt zu dem Angriff, ein Milit\u00e4rsprecher sagte jedoch, das Milit\u00e4r nehme nie Zivilisten ins Visier.<\/p>\n<p>Die iranische Nachrichtenagentur Tasnim meldete unterdessen am Donnerstag, sechs iranische Marinekr\u00e4fte seien am Dienstag bei US-Angriffen get\u00f6tet worden. Wo sich die t\u00f6dlichen Angriffe ereigneten, gab Tasnim nicht an.<\/p>\n<p>Mindestens 19 Iraner wurden am Dienstag und Mittwoch nach Angaben iranischer Staatsmedien im Land bei US-Angriffen get\u00f6tet. Zun\u00e4chst war unklar, ob die sechs get\u00f6teten iranischen Marinekr\u00e4fte in der Zahl der 19 Get\u00f6teten bereits enthalten waren.<\/p>\n","protected":false},"excerpt":{"rendered":"Der Chef der iranischen Revolutionsgarden hat mit Rache f\u00fcr den t\u00f6dlichen Angriff auf eine Hochzeitsfeier gedroht, f\u00fcr den&hellip;\n","protected":false},"author":2,"featured_media":373886,"comment_status":"","ping_status":"","sticky":false,"template":"","format":"standard","meta":{"footnotes":"","_share_on_mastodon":"0"},"categories":[12],"tags":[2764,1010,6211,679,3138,40,41,269,39,439,66,65,64],"class_list":["post-373885","post","type-post","status-publish","format-standard","has-post-thumbnail","category-welt","tag-int-beziehungen","tag-iran","tag-iran-usa","tag-konflikte","tag-krieg","tag-nachrichten","tag-news","tag-politik","tag-schlagzeilen","tag-usa","tag-welt","tag-world","tag-world-news"],"share_on_mastodon":{"url":"https:\/\/pubeurope.com\/@at\/117209817637884827","error":""},"_links":{"self":[{"href":"https:\/\/www.europesays.com\/at\/wp-json\/wp\/v2\/posts\/373885","targetHints":{"allow":["GET"]}}],"collection":[{"href":"https:\/\/www.europesays.com\/at\/wp-json\/wp\/v2\/posts"}],"about":[{"href":"https:\/\/www.europesays.com\/at\/wp-json\/wp\/v2\/types\/post"}],"author":[{"embeddable":true,"href":"https:\/\/www.europesays.com\/at\/wp-json\/wp\/v2\/users\/2"}],"replies":[{"embeddable":true,"href":"https:\/\/www.europesays.com\/at\/wp-json\/wp\/v2\/comments?post=373885"}],"version-history":[{"count":0,"href":"https:\/\/www.europesays.com\/at\/wp-json\/wp\/v2\/posts\/373885\/revisions"}],"wp:featuredmedia":[{"embeddable":true,"href":"https:\/\/www.europesays.com\/at\/wp-json\/wp\/v2\/media\/373886"}],"wp:attachment":[{"href":"https:\/\/www.europesays.com\/at\/wp-json\/wp\/v2\/media?parent=373885"}],"wp:term":[{"taxonomy":"category","embeddable":true,"href":"https:\/\/www.europesays.com\/at\/wp-json\/wp\/v2\/categories?post=373885"},{"taxonomy":"post_tag","embeddable":true,"href":"https:\/\/www.europesays.com\/at\/wp-json\/wp\/v2\/tags?post=373885"}],"curies":[{"name":"wp","href":"https:\/\/api.w.org\/{rel}","templated":true}]}}