{"id":373901,"date":"2026-09-04T00:07:24","date_gmt":"2026-09-04T00:07:24","guid":{"rendered":"https:\/\/www.europesays.com\/at\/373901\/"},"modified":"2026-09-04T00:07:24","modified_gmt":"2026-09-04T00:07:24","slug":"babymetal-bekommen-exklusives-marvel-zombies-cover","status":"publish","type":"post","link":"https:\/\/www.europesays.com\/at\/373901\/","title":{"rendered":"Babymetal bekommen exklusives Marvel-Zombies-Cover"},"content":{"rendered":"<p>Die japanische Kawaii Metal-Band Babymetal kehrt mit einem Variant-Cover zur Feier von \u2018Marvel Zombies: War Zone\u2019 in die Welt der Marvel-Zombies zur\u00fcck.<\/p>\n<p>Der Marvel-Einzelh\u00e4ndler <a href=\"https:\/\/hustlcomics.com\/\" target=\"_blank\" rel=\"noopener nofollow\">hustl.<\/a> gab am 1. September bekannt, dass die japanische Pop Metal-Band Babymetal gemeinsam mit \u201eMarvel Zombies\u201c auf einem limitierten Variant-Cover zu sehen sein wird. Anlass ist die Ver\u00f6ffentlichung von \u2018Marvel Zombies: War Zone (2026)\u2019 #1.<\/p>\n<p>Von der B\u00fchne ins Marvel-Universum<\/p>\n<p>Anlass f\u00fcr die Zusammenarbeit war die Verbindung von Babymetal zur Marvel-Animationsserie \u2018Marvel Zombies\u2019 auf Disney+. Der Song \u2018From Me To U\u2019 der Band war im Trailer zur Serie zu h\u00f6ren.<\/p>\n<p>Empfehlungen der Redaktion<\/p>\n<p>Der Song erschien urspr\u00fcnglich auf Babymetals viertem Studioalbum <a href=\"https:\/\/www.metal-hammer.de\/reviews\/babymetal-metal-forth\/\" rel=\"noopener nofollow\" target=\"_blank\">METAL FORTH<\/a>. Das Album deb\u00fctierte vergangenes Jahr auf Platz 9 der Billboard 200. Damit schaffte es die Band erstmals in die US-amerikanischen Top Ten. Zudem war es das erste Mal in der Geschichte, dass eine Gruppe mit ausschlie\u00dflich japanischen Frontleuten in dieser Liste vertreten war.<\/p>\n<p>An dieser Stelle findest du Inhalte aus Instagram<\/p>\n<p>Um mit Inhalten aus Sozialen Netzwerken zu interagieren oder diese darzustellen, brauchen wir deine Zustimmung.<\/p>\n<p>\tSoziale Netzwerke aktivieren<\/p>\n<p>Comic-Ausgabe auf 3.500 Exemplare limitiert<\/p>\n<p>Die auf 3.500 Exemplare limitierte Auflage enth\u00e4lt Illustrationen von Comic-Zeichner Phil Noto und kann ab sofort \u00fcber den Online-Shop von Capitol Records sowie f\u00fcr den Sammlermarkt \u00fcber hustl. vorbestellt werden. In Japan wird sie ab dem 7. September vorbestellbar sein. Der Original-Comic mit Standard-Cover ist ab dem 2. September im Comic-Fachhandel erh\u00e4ltlich.<\/p>\n<p>Babymetal \u00e4u\u00dferten sich begeistert zu dieser Zusammenarbeit: \u201eEs ist uns eine gro\u00dfe Ehre, dass wir die Gelegenheit hatten, mit Marvel zusammenzuarbeiten, einem Unternehmen, das seit so vielen Jahren weltweit beliebt ist. Gemeinsam mit den Marvel-Figuren auf dem Cover eines Comics zu erscheinen, ist die sch\u00f6nste \u00dcberraschung, die wir uns h\u00e4tten w\u00fcnschen k\u00f6nnen. Wir hoffen, dass unsere Fans genauso begeistert sind wie wir!\u201c<\/p>\n<p>Mit Kawaii Metal zum weltweiten Erfolg<\/p>\n<p>Babymetal wurden 2010 gegr\u00fcndet und pr\u00e4gte das Genre \u201eKawaii Metal\u201c \u2013 eine einzigartige Mischung aus J-Pop und kraftvollen Metal-Riffs. Mit ihren energiegeladenen Live-Auftritten wurde die Band in Japan schnell popul\u00e4r.<\/p>\n<p>Seit 2013 haben sich Babymetal auch international etabliert. Die Band trat als Vorgruppe von Red Hot Chili Peppers, Korn und Lady Gaga auf. Zudem trugen sie dazu bei, die Vielfalt des Metal einem weltweiten Publikum n\u00e4herzubringen.<\/p>\n<p>Babymetal inspirieren eine neue Generation<\/p>\n<p>Su-Metal, Moametal und Momometal inspirieren mit Babymetal eine neue Generation von jungen Frauen, die sich in diesem Sound und auf diesen B\u00fchnen wiederfinden.<\/p>\n<p>Dieses Jahr ver\u00f6ffentlichte die Gruppe die Deluxe-Edition ihres erfolgreichen Albums METAL FORTH (2025). Im September starten Babymetal zudem eine Welttournee. Dabei macht die Band in gro\u00dfen St\u00e4dten Nordamerikas Halt. Babymetal spielten bereits eine Show in Hannover im Juni diesen Jahres.<\/p>\n<p>\u2014<\/p>\n<p>Bestens informiert \u00fcber dieses und alle weiteren wichtigen Themen im Metal bleibt ihr au\u00dferdem mit unserem Newsletter. Einmal pro Woche flattert euch \u00fcbersichtlich sortiert ein Update ins Postfach.\u00a0<a href=\"https:\/\/www.metal-hammer.de\/news\/newsletter\/\" target=\"_blank\" rel=\"noopener nofollow\">Einfach anmelden<\/a>, damit euch auch sicher nichts entgeht.<\/p>\n<p class=\"wp-block-paragraph\">Exklusive Airbourne-Vinyl-7\u201c nur zusammen mit der aktuellen METAL HAMMER-Ausgabe: Jetzt am Kiosk oder direkt portofrei nach Hause zu bestellen! Alle Infos unter <a href=\"https:\/\/www.metal-hammer.de\/airbourne\" rel=\"nofollow noopener\" target=\"_blank\">www.metal-hammer.de\/airbourne<\/a>.<\/p>\n","protected":false},"excerpt":{"rendered":"Die japanische Kawaii Metal-Band Babymetal kehrt mit einem Variant-Cover zur Feier von \u2018Marvel Zombies: War Zone\u2019 in die&hellip;\n","protected":false},"author":2,"featured_media":373902,"comment_status":"","ping_status":"","sticky":false,"template":"","format":"standard","meta":{"footnotes":"","_share_on_mastodon":"0"},"categories":[24],"tags":[46,42,93629,147,93630,1849,93631,93632,93633,93634,93635,153,154,44,93636,148],"class_list":["post-373901","post","type-post","status-publish","format-standard","has-post-thumbnail","category-musik","tag-at","tag-austria","tag-babymetal","tag-entertainment","tag-kawaii-metal","tag-marvel","tag-marvel-zombies","tag-marvel-universum","tag-metal-forth","tag-moametal","tag-momometal","tag-music","tag-musik","tag-oesterreich","tag-su-metal","tag-unterhaltung"],"share_on_mastodon":{"url":"https:\/\/pubeurope.com\/@at\/117209860952363105","error":""},"_links":{"self":[{"href":"https:\/\/www.europesays.com\/at\/wp-json\/wp\/v2\/posts\/373901","targetHints":{"allow":["GET"]}}],"collection":[{"href":"https:\/\/www.europesays.com\/at\/wp-json\/wp\/v2\/posts"}],"about":[{"href":"https:\/\/www.europesays.com\/at\/wp-json\/wp\/v2\/types\/post"}],"author":[{"embeddable":true,"href":"https:\/\/www.europesays.com\/at\/wp-json\/wp\/v2\/users\/2"}],"replies":[{"embeddable":true,"href":"https:\/\/www.europesays.com\/at\/wp-json\/wp\/v2\/comments?post=373901"}],"version-history":[{"count":0,"href":"https:\/\/www.europesays.com\/at\/wp-json\/wp\/v2\/posts\/373901\/revisions"}],"wp:featuredmedia":[{"embeddable":true,"href":"https:\/\/www.europesays.com\/at\/wp-json\/wp\/v2\/media\/373902"}],"wp:attachment":[{"href":"https:\/\/www.europesays.com\/at\/wp-json\/wp\/v2\/media?parent=373901"}],"wp:term":[{"taxonomy":"category","embeddable":true,"href":"https:\/\/www.europesays.com\/at\/wp-json\/wp\/v2\/categories?post=373901"},{"taxonomy":"post_tag","embeddable":true,"href":"https:\/\/www.europesays.com\/at\/wp-json\/wp\/v2\/tags?post=373901"}],"curies":[{"name":"wp","href":"https:\/\/api.w.org\/{rel}","templated":true}]}}