{"id":373919,"date":"2026-09-04T00:17:11","date_gmt":"2026-09-04T00:17:11","guid":{"rendered":"https:\/\/www.europesays.com\/at\/373919\/"},"modified":"2026-09-04T00:17:11","modified_gmt":"2026-09-04T00:17:11","slug":"graz99ers-wir-haben-kurzfristig-ans-wunder-geglaubt","status":"publish","type":"post","link":"https:\/\/www.europesays.com\/at\/373919\/","title":{"rendered":"Graz99ers: &#8222;Wir haben kurzfristig ans Wunder geglaubt&#8220;"},"content":{"rendered":"<p>14 Sekunden vor Ende des ersten Spielabschnitts erzielte Chris Collins im Powerplay den Ausgleich. Das 1:1 heizte nicht nur die Stimmung im Grazer Bunker zus\u00e4tzlich an, sondern entfachte auch bei den 99ers-Cracks das Feuer.<\/p>\n<p>&#8222;Exzellenter&#8220; Mittelabschnitt bleibt unbelohnt<\/p>\n<p>Das Geschehen im Mittelabschnitt wurde von Graz bestimmt. &#8222;Wir haben ein exzellentes zweites Drittel gespielt&#8220;, freute sich Lacroix, &#8222;aber wir haben kein weiteres Tor erzielt&#8220;.<\/p>\n<p><a href=\"https:\/\/www.laola1.at\/de\/daten\/news\/paul-huber\/\" class=\"tag\" rel=\"nofollow noopener\" target=\"_blank\">Paul Huber<\/a> verpasste in der 27. Spielminute nach Zuspiel von Nick Swaney den F\u00fchrungstreffer, als Fribourg-Keeper Ludovic Waeber seinen Versuch im Alleingang noch mit der Stockhand \u00fcber das Tor gelenkt hatte. Auch <a href=\"https:\/\/www.laola1.at\/de\/daten\/news\/manuel-ganahl\/\" class=\"tag\" rel=\"nofollow noopener\" target=\"_blank\">Manuel Ganahl<\/a> scheiterte alleine vorm Schweizer Goalie.<\/p>\n<p>&#8222;Wir h\u00e4tten uns mit unseren Chancen sicher das eine oder andere Tor mehr verdient&#8220;, seufzt Huber.<\/p>\n<p>Schweizer Wut gegen Grazer M\u00fcdigkeit<\/p>\n<p>Auch im dritten Drittel hat es M\u00f6glichkeiten auf den F\u00fchrungstreffer gegeben, doch Fribourg dr\u00fcckte zunehmend aufs Tempo und die Grazer in die Defensive. &#8222;Es hat danach ausgesehen, als w\u00e4re uns die Luft ausgegangen&#8220;, meint Lacroix.<\/p>\n<p>Erst wurde den Schweizern das 2:1 noch verwehrt, der Puck hatte nach einem Breakaway von Christoph Bertschy die Linie nicht \u00fcberquert. Das machte den National-League-Champion jedoch nur w\u00fctend.<\/p>\n<p>Yannick Rathgeb schwei\u00dfte das Spielger\u00e4t \u00fcber die Schulter von Nicolas Wieser unter die Latte, wenige Augenblicke sp\u00e4ter legte der langj\u00e4hrige <a href=\"https:\/\/www.laola1.at\/de\/daten\/news\/eishockey\/nhl\/\" class=\"tag\" rel=\"nofollow noopener\" target=\"_blank\">NHL<\/a>-Spieler Anthony Richard das spielentscheidende 3:1 nach.<\/p>\n<p>&#8222;Mehr kann ich nicht verlangen&#8220;<\/p>\n<p>Zwar verk\u00fcrzte Kapit\u00e4n Marcus Vela mit dem zweiten \u00dcberzahl-Treffer noch auf 2:3, doch Richard schn\u00fcrte mit seinem Treffer ins verwaiste Tor den Doppelpack und besorgte den 4:2-Endstand zugunsten Fribourgs.<\/p>\n","protected":false},"excerpt":{"rendered":"14 Sekunden vor Ende des ersten Spielabschnitts erzielte Chris Collins im Powerplay den Ausgleich. Das 1:1 heizte nicht&hellip;\n","protected":false},"author":2,"featured_media":373920,"comment_status":"","ping_status":"","sticky":false,"template":"","format":"standard","meta":{"footnotes":"","_share_on_mastodon":"0"},"categories":[8],"tags":[55736,3682,300,3461,93330,8008,7902,7904,40,41,10651,39,38,117],"class_list":["post-373919","post","type-post","status-publish","format-standard","has-post-thumbnail","category-nachrichten","tag-champions-hockey-league","tag-dan-lacroix","tag-eishockey","tag-graz99ers","tag-hc-fribourg-gotteron","tag-herbert-jerich","tag-laola1","tag-maximilian-girschele","tag-nachrichten","tag-news","tag-paul-huber","tag-schlagzeilen","tag-top-meldungen","tag-wintersport"],"share_on_mastodon":{"url":"https:\/\/pubeurope.com\/@at\/117209900091540277","error":""},"_links":{"self":[{"href":"https:\/\/www.europesays.com\/at\/wp-json\/wp\/v2\/posts\/373919","targetHints":{"allow":["GET"]}}],"collection":[{"href":"https:\/\/www.europesays.com\/at\/wp-json\/wp\/v2\/posts"}],"about":[{"href":"https:\/\/www.europesays.com\/at\/wp-json\/wp\/v2\/types\/post"}],"author":[{"embeddable":true,"href":"https:\/\/www.europesays.com\/at\/wp-json\/wp\/v2\/users\/2"}],"replies":[{"embeddable":true,"href":"https:\/\/www.europesays.com\/at\/wp-json\/wp\/v2\/comments?post=373919"}],"version-history":[{"count":0,"href":"https:\/\/www.europesays.com\/at\/wp-json\/wp\/v2\/posts\/373919\/revisions"}],"wp:featuredmedia":[{"embeddable":true,"href":"https:\/\/www.europesays.com\/at\/wp-json\/wp\/v2\/media\/373920"}],"wp:attachment":[{"href":"https:\/\/www.europesays.com\/at\/wp-json\/wp\/v2\/media?parent=373919"}],"wp:term":[{"taxonomy":"category","embeddable":true,"href":"https:\/\/www.europesays.com\/at\/wp-json\/wp\/v2\/categories?post=373919"},{"taxonomy":"post_tag","embeddable":true,"href":"https:\/\/www.europesays.com\/at\/wp-json\/wp\/v2\/tags?post=373919"}],"curies":[{"name":"wp","href":"https:\/\/api.w.org\/{rel}","templated":true}]}}