{"id":373921,"date":"2026-09-04T00:19:34","date_gmt":"2026-09-04T00:19:34","guid":{"rendered":"https:\/\/www.europesays.com\/at\/373921\/"},"modified":"2026-09-04T00:19:34","modified_gmt":"2026-09-04T00:19:34","slug":"salzburg-zeigt-rapid-grenzen-auf-nimmt-riesenschwung-mit","status":"publish","type":"post","link":"https:\/\/www.europesays.com\/at\/373921\/","title":{"rendered":"Salzburg zeigt Rapid &#8222;Grenzen auf, nimmt Riesenschwung mit&#8220;"},"content":{"rendered":"<p>Der vierte Saisonsieg von <a href=\"https:\/\/www.skysportaustria.at\/fussball\/admiral-bundesliga\/red-bull-salzburg\/\" rel=\"nofollow noopener\" target=\"_blank\">Red Bull Salzburg<\/a> im f\u00fcnften Spiel der Fu\u00dfball-Bundesliga ist ein wichtiger gewesen. <a href=\"https:\/\/www.skysportaustria.at\/klarer-heimsieg-salzburg-fertigt-rapid-ab\/\" rel=\"nofollow noopener\" target=\"_blank\">Mit einem Heim-5:1 beendete die Truppe von Coach Danny R\u00f6hl die makellose Rapid-Bilanz<\/a> und stieg in der Tabelle zum ersten LASK-Verfolger auf. \u201eSalzburg hat uns mit ihrer individuellen Qualit\u00e4t die Grenzen aufgezeigt\u201c, gestand Rapids Verteidiger Jannes Horn. Die Heimischen waren in Feierlaune. \u201eWir nehmen einen Riesenschwung mit\u201c, sagte Salzburgs Valentin Zabransky.<\/p>\n<p>Die Bilanz spricht eine deutliche Sprache. Unter R\u00f6hl gab es in zehn Pflichtspielen noch keine Niederlage, zuletzt waren es f\u00fcnf Siege am St\u00fcck. Mit einem 3:0 gegen Mj\u00e4llby samt Aufstieg in die Europa-League-Ligaphase, 4:1 gegen die Wiener Austria und dem noch h\u00f6heren Erfolg \u00fcber den Wiener Lokalrivalen gelangen drei davon innerhalb weniger als einer Woche. \u201eWir sind auf einem sehr guten Weg und werden dem hohen Anspruch aktuell gerecht\u201c, betonte R\u00f6hl. Freuen d\u00fcrfe man sich aber nur kurz. \u201eIn wenigen Tagen m\u00fcssen wir wieder liefern. Das zeichnet gute Mannschaften aus. Deshalb ist es wichtig, gierig, hungrig und auf dem Boden zu bleiben\u201c, sagte der Deutsche.<\/p>\n<p>\t\t\t<img fetchpriority=\"high\" decoding=\"async\" width=\"976\" height=\"549\" src=\"https:\/\/www.europesays.com\/at\/wp-content\/uploads\/2026\/09\/die-torparade-der-4-runde-der-admiral-bundesliga-2026-27-976x549.jpg\" class=\"attachment-large size-large wp-post-image\" alt=\"\"  \/>\t\t<\/p>\n<p>ADMIRAL Bundesliga<\/p>\n<p>03.09.<\/p>\n<p>\t\t\t<img loading=\"lazy\" decoding=\"async\" width=\"976\" height=\"549\" src=\"https:\/\/www.europesays.com\/at\/wp-content\/uploads\/2026\/09\/1788481165_622_der-fehlt-ihnen-herzog-ueber-amane-abgang-976x549.jpg\" class=\"attachment-large size-large wp-post-image\" alt=\"\"  \/>\t\t<\/p>\n<p>ADMIRAL Bundesliga<\/p>\n<p>02.09.<\/p>\n<p>\t\t\t<img loading=\"lazy\" decoding=\"async\" width=\"976\" height=\"549\" src=\"https:\/\/www.europesays.com\/at\/wp-content\/uploads\/2026\/09\/1788481166_865_roehl-ueber-sieg-vielleicht-das-ein-oder-andere-tor-zu-hoch-976x549.jpg\" class=\"attachment-large size-large wp-post-image\" alt=\"\"  \/>\t\t<\/p>\n<p>ADMIRAL Bundesliga<\/p>\n<p>02.09.<\/p>\n<p>\t\t\t<img loading=\"lazy\" decoding=\"async\" width=\"976\" height=\"549\" src=\"https:\/\/www.europesays.com\/at\/wp-content\/uploads\/2026\/09\/1788481167_102_hoff-thorup-bemaengelt-defensivarbeit-zu-leicht-gemacht-976x549.jpg\" class=\"attachment-large size-large wp-post-image\" alt=\"\"  \/>\t\t<\/p>\n<p>ADMIRAL Bundesliga<\/p>\n<p>02.09.<\/p>\n<p>\t\t\t<img loading=\"lazy\" decoding=\"async\" width=\"976\" height=\"549\" src=\"https:\/\/www.europesays.com\/at\/wp-content\/uploads\/2026\/09\/1788481168_1_tabakovic-nach-doppelpack-haette-gerne-ein-drittes-tor-geschossen-976x549.jpg\" class=\"attachment-large size-large wp-post-image\" alt=\"\"  \/>\t\t<\/p>\n<p>ADMIRAL Bundesliga<\/p>\n<p>02.09.<\/p>\n<p>\t\t\t<img loading=\"lazy\" decoding=\"async\" width=\"976\" height=\"549\" src=\"https:\/\/www.europesays.com\/at\/wp-content\/uploads\/2026\/09\/1788481169_795_seidl-dann-kommt-man-nicht-mehr-hinterher-976x549.jpg\" class=\"attachment-large size-large wp-post-image\" alt=\"\"  \/>\t\t<\/p>\n<p>ADMIRAL Bundesliga<\/p>\n<p>02.09.<\/p>\n<p>\t\t\t<img loading=\"lazy\" decoding=\"async\" width=\"976\" height=\"549\" src=\"https:\/\/www.europesays.com\/at\/wp-content\/uploads\/2026\/09\/1788481170_437_cvetkovic-ich-habe-mir-viel-mehr-erwartet-976x549.jpg\" class=\"attachment-large size-large wp-post-image\" alt=\"\"  \/>\t\t<\/p>\n<p>ADMIRAL Bundesliga<\/p>\n<p>02.09.<\/p>\n<p>\t\t\t<img loading=\"lazy\" decoding=\"async\" width=\"976\" height=\"651\" src=\"https:\/\/www.europesays.com\/at\/wp-content\/uploads\/2026\/09\/1788481171_298_GEPA-20260902-101-155-0071-976x651.jpg\" class=\"attachment-large size-large wp-post-image\" alt=\"\"  \/>\t\t<\/p>\n<p>ADMIRAL Bundesliga<\/p>\n<p>02.09.<\/p>\n<p>\t\t\t<img loading=\"lazy\" decoding=\"async\" width=\"976\" height=\"549\" src=\"https:\/\/www.europesays.com\/at\/wp-content\/uploads\/2026\/09\/1788481172_905_veratschnig-ueber-tabakovic-verpflichtung-unglaublich-stolz-976x549.jpg\" class=\"attachment-large size-large wp-post-image\" alt=\"\"  \/>\t\t<\/p>\n<p>ADMIRAL Bundesliga<\/p>\n<p>02.09.<\/p>\n<p>\t\t\t<img loading=\"lazy\" decoding=\"async\" width=\"976\" height=\"549\" src=\"https:\/\/www.europesays.com\/at\/wp-content\/uploads\/2026\/09\/1788481172_935_tor-51-karim-konate-90-rbs-scr-976x549.jpg\" class=\"attachment-large size-large wp-post-image\" alt=\"\"  \/>\t\t<\/p>\n<p>ADMIRAL Bundesliga<\/p>\n<p>02.09.<\/p>\n<p>Tabakovic findet immer besser rein<\/p>\n<p>Rapid erging es noch schlechter als der Austria, diesmal ben\u00f6tigten die Salzburger nicht einmal 21 Minuten, um dank Haris Tabakovic (4., 21.) und Nikolas Veratschnig (15.) mit 3:0 zu f\u00fchren. Ersterer h\u00e4lt nun schon bei acht Pflichtspiel-Saisontoren. \u201eWenn man mich an Toren misst, ist das gar nicht so schlecht. Ich merke, dass die Fitness mit den Spielen immer besser wird und auch das Zusammenspiel funktioniert immer besser\u201c, sagte der 32-J\u00e4hrige. In der Folge trafen auch noch Edmund Baidoo (46.) und Karim Konate (90.).<\/p>\n<p>R\u00f6hl \u00fcber Sieg: \u201eVielleicht das ein oder andere Tor zu hoch\u201c<\/p>\n<p>\u201eIn der Offensive war das hervorragend. Wir haben in Ballbesitz eine neue Benchmark f\u00fcr uns gesetzt, waren sehr fl\u00fcssig, kombinationssicher, haben die R\u00e4ume sehr gut gefunden und im richtigen Moment beschleunigt\u201c, analysierte R\u00f6hl. Tabakovic unterstrich einmal mehr, dass er in dieser Saison zur entscheidenden Figur werden k\u00f6nnte. \u201eMit dem Ball war das \u00fcberragend, wir haben ein Statement gesetzt\u201c, meinte der St\u00fcrmer. Die Effizienz, vor allem vor der Pause, war ein gro\u00dfer Trumpf. Die H\u00fctteldorfer halfen mit einer schwachen Abwehrarbeit allerdings auch mit.<\/p>\n<p>\u201eWenn man so verteidigt, dann reicht es nicht. Tabakovic hat hohe individuelle Qualit\u00e4t, wir haben es ihm aber auch zu leicht gemacht\u201c, sagte Horn. Sein Trainer konnte ihm nur zustimmen. \u201eSie haben uns eiskalt bestraft f\u00fcr unsere Fehler, das war insgesamt viel zu wenig von uns\u201c, befand Johannes Hoff Thorup nach einer \u201eharten\u201c Niederlage. Wenn man vorne zu sorglos mit den Chancen umgehe und hinten anf\u00e4llig sei, komme so ein Ergebnis zustande. Schnell abhaken war angesagt. \u201eWir verlieren lieber einmal 1:5, als f\u00fcnfmal 0:1\u201c, betonte Horn.<\/p>\n<p>Ausgeglichener Kader Schl\u00fcssel f\u00fcr Erfolg<\/p>\n<p>Von der Statistik h\u00e4tte man so ein klares Ergebnis nicht erwarten m\u00fcssen. Rapid hatte mit 50,3 Prozent Ballbesitz, 17:16-Sch\u00fcssen aufs Tor sowie 6:2-Eckb\u00e4llen in einigen Bereichen gar leichte Vorteile. Neben der offensiven Kaltschn\u00e4uzigkeit sprach am Ende aber auch die enorme defensive Stabilit\u00e4t f\u00fcr die Gastgeber. Die hatten drei 19-J\u00e4hrige und einen 20-J\u00e4hrigen in der Startelf. \u201eDie Mischung und Balance aus Erfahrung und jungen Spielern macht es aus\u201c, unterstrich R\u00f6hl. Ideal ist f\u00fcr ihn, dass neben der Qualit\u00e4t auch die Quantit\u00e4t passt. \u201eEs ist aktuell der Schl\u00fcssel, dass wir nicht elf, sondern 21 Spieler haben, die mir ein gutes Gef\u00fchl geben. Wir k\u00f6nnen rotieren, ohne Qualit\u00e4t zu verlieren, immer eins draufsetzen\u201c, erl\u00e4uterte Salzburgs Trainer.<\/p>\n<p>Als n\u00e4chste H\u00fcrde wartet in der 2. \u00d6FB-Cup-Runde ein Gastspiel bei Zweitligist St. P\u00f6lten. \u201eJetzt wird Party in der Kabine gemacht, wir werden es heute genie\u00dfen, morgen regenerieren und am Sonntag wieder angreifen\u201c, k\u00fcndigte Zabransky an. Rapid muss bereits am Samstag bei Zweitliga-Absteiger Austria Klagenfurt ran.<\/p>\n<p><a class=\"ad-msg\" href=\"https:\/\/www.sky.at\/angebote?wkz=AWDSL24&amp;eml=atbac:2026_Sky_Trade_Sport_SSA_Textlink\" target=\"_blank\" rel=\"nofollow noopener\"><img loading=\"lazy\" decoding=\"async\" width=\"640\" height=\"213\" src=\"https:\/\/www.europesays.com\/at\/wp-content\/uploads\/2026\/09\/1788481174_882_Sport_Kampagne_900x300.jpg\" class=\"ad-msg__image ad-msg__image--mobile\" alt=\"Werbung\"  \/><\/a><\/p>\n","protected":false},"excerpt":{"rendered":"Der vierte Saisonsieg von Red Bull Salzburg im f\u00fcnften Spiel der Fu\u00dfball-Bundesliga ist ein wichtiger gewesen. Mit einem&hellip;\n","protected":false},"author":2,"featured_media":373922,"comment_status":"","ping_status":"","sticky":false,"template":"","format":"standard","meta":{"footnotes":"","_share_on_mastodon":"0"},"categories":[31],"tags":[317,88935,1069,46,42,1061,964,12279,44,192,969],"class_list":["post-373921","post","type-post","status-publish","format-standard","has-post-thumbnail","category-salzburg","tag-317","tag-4-runde","tag-admiral-bundesliga","tag-at","tag-austria","tag-fc-red-bull-salzburg","tag-fussball","tag-nachtragsspiel","tag-oesterreich","tag-salzburg","tag-sk-rapid"],"share_on_mastodon":{"url":"https:\/\/pubeurope.com\/@at\/117209908818182913","error":""},"_links":{"self":[{"href":"https:\/\/www.europesays.com\/at\/wp-json\/wp\/v2\/posts\/373921","targetHints":{"allow":["GET"]}}],"collection":[{"href":"https:\/\/www.europesays.com\/at\/wp-json\/wp\/v2\/posts"}],"about":[{"href":"https:\/\/www.europesays.com\/at\/wp-json\/wp\/v2\/types\/post"}],"author":[{"embeddable":true,"href":"https:\/\/www.europesays.com\/at\/wp-json\/wp\/v2\/users\/2"}],"replies":[{"embeddable":true,"href":"https:\/\/www.europesays.com\/at\/wp-json\/wp\/v2\/comments?post=373921"}],"version-history":[{"count":0,"href":"https:\/\/www.europesays.com\/at\/wp-json\/wp\/v2\/posts\/373921\/revisions"}],"wp:featuredmedia":[{"embeddable":true,"href":"https:\/\/www.europesays.com\/at\/wp-json\/wp\/v2\/media\/373922"}],"wp:attachment":[{"href":"https:\/\/www.europesays.com\/at\/wp-json\/wp\/v2\/media?parent=373921"}],"wp:term":[{"taxonomy":"category","embeddable":true,"href":"https:\/\/www.europesays.com\/at\/wp-json\/wp\/v2\/categories?post=373921"},{"taxonomy":"post_tag","embeddable":true,"href":"https:\/\/www.europesays.com\/at\/wp-json\/wp\/v2\/tags?post=373921"}],"curies":[{"name":"wp","href":"https:\/\/api.w.org\/{rel}","templated":true}]}}