{"id":373929,"date":"2026-09-04T00:26:23","date_gmt":"2026-09-04T00:26:23","guid":{"rendered":"https:\/\/www.europesays.com\/at\/373929\/"},"modified":"2026-09-04T00:26:23","modified_gmt":"2026-09-04T00:26:23","slug":"vor-dltlly-battle-pa-sports-ssynic-treffen-fuer-pressekonferenz-aufeinander","status":"publish","type":"post","link":"https:\/\/www.europesays.com\/at\/373929\/","title":{"rendered":"Vor DLTLLY-Battle: PA Sports &#038; Ssynic treffen f\u00fcr Pressekonferenz aufeinander"},"content":{"rendered":"<p>Am kommenden Samstag ist es so weit: Das <a href=\"https:\/\/hiphop.de\/magazin\/news\/pa-sports-battle-gegner-ssynic-dltlly-417711\" target=\"_blank\" rel=\"nofollow noopener\">gro\u00dfe Battle<\/a> zwischen <a href=\"https:\/\/hiphop.de\/pa-sports\" target=\"_blank\" rel=\"nofollow noopener\">PA Sports<\/a> und <a href=\"https:\/\/hiphop.de\/ssynic\" target=\"_blank\" rel=\"nofollow noopener\">Ssynic<\/a> geht in Berlin \u00fcber die B\u00fchne. Gestern sind die beiden Kontrahenten bereits f\u00fcr eine Pressekonferenz zusammengekommen und haben sich den Fragen der anwesenden Journalisten gestellt.<\/p>\n<p>PA Sports &amp; Ssynic \u00e4u\u00dfern sich zum anstehenden Battle<\/p>\n<p>In der rund anderthalbst\u00fcndigen Pressekonferenz, die bei YouTube livegestreamt wurde, beantworten PA und Ssynic unter anderem, wie sie sich auf das Battle vorbereitet haben und was sie von dem jeweils anderen erwarten. Besonders hitzig, da muss man ehrlich sein, wird das Ganze nicht. Zwar k\u00fcndigen beide an, sich nichts schenken zu wollen, der Umgangston bleibt aber den Abend \u00fcber stets respektvoll.<\/p>\n<p>Die Frage, ob im Vorhinein moralische Grenzen oder Tabus abgesteckt wurden, verneinen sie. Sie h\u00e4tten lediglich festgelegt, &#8222;Pers\u00f6nlichkeitsrechte von au\u00dfenstehenden Namen rauslassen&#8220;. So f\u00e4nde er es beispielsweise nicht cool, wenn Ssynic die Namen seiner Kinder im Rahmen des Battles \u00f6ffentlich machen w\u00fcrde. Alles andere sei f\u00fcr die beiden aber fair game. Bezogen auf eine \u00e4hnliche Frage erkl\u00e4rt PA dann noch, dass er sich selbst als so reif und reflektiert einsch\u00e4tze, dass er damit klark\u00e4me, in einem sportlichen Kontext minutenlang Beleidigungen \u00fcber sich ergehen zu lassen.<\/p>\n","protected":false},"excerpt":{"rendered":"Am kommenden Samstag ist es so weit: Das gro\u00dfe Battle zwischen PA Sports und Ssynic geht in Berlin&hellip;\n","protected":false},"author":2,"featured_media":373930,"comment_status":"","ping_status":"","sticky":false,"template":"","format":"standard","meta":{"footnotes":"","_share_on_mastodon":"0"},"categories":[24],"tags":[46,42,29315,25863,1821,25870,147,153,154,41,44,22836,25484,390,25854,148],"class_list":["post-373929","post","type-post","status-publish","format-standard","has-post-thumbnail","category-musik","tag-at","tag-austria","tag-battle","tag-battlerap","tag-deutschrap","tag-dltlly","tag-entertainment","tag-music","tag-musik","tag-news","tag-oesterreich","tag-pa-sports","tag-pressekonferenz","tag-rap","tag-ssynic","tag-unterhaltung"],"share_on_mastodon":{"url":"https:\/\/pubeurope.com\/@at\/117209936006436931","error":""},"_links":{"self":[{"href":"https:\/\/www.europesays.com\/at\/wp-json\/wp\/v2\/posts\/373929","targetHints":{"allow":["GET"]}}],"collection":[{"href":"https:\/\/www.europesays.com\/at\/wp-json\/wp\/v2\/posts"}],"about":[{"href":"https:\/\/www.europesays.com\/at\/wp-json\/wp\/v2\/types\/post"}],"author":[{"embeddable":true,"href":"https:\/\/www.europesays.com\/at\/wp-json\/wp\/v2\/users\/2"}],"replies":[{"embeddable":true,"href":"https:\/\/www.europesays.com\/at\/wp-json\/wp\/v2\/comments?post=373929"}],"version-history":[{"count":0,"href":"https:\/\/www.europesays.com\/at\/wp-json\/wp\/v2\/posts\/373929\/revisions"}],"wp:featuredmedia":[{"embeddable":true,"href":"https:\/\/www.europesays.com\/at\/wp-json\/wp\/v2\/media\/373930"}],"wp:attachment":[{"href":"https:\/\/www.europesays.com\/at\/wp-json\/wp\/v2\/media?parent=373929"}],"wp:term":[{"taxonomy":"category","embeddable":true,"href":"https:\/\/www.europesays.com\/at\/wp-json\/wp\/v2\/categories?post=373929"},{"taxonomy":"post_tag","embeddable":true,"href":"https:\/\/www.europesays.com\/at\/wp-json\/wp\/v2\/tags?post=373929"}],"curies":[{"name":"wp","href":"https:\/\/api.w.org\/{rel}","templated":true}]}}