{"id":373989,"date":"2026-09-04T01:04:14","date_gmt":"2026-09-04T01:04:14","guid":{"rendered":"https:\/\/www.europesays.com\/at\/373989\/"},"modified":"2026-09-04T01:04:14","modified_gmt":"2026-09-04T01:04:14","slug":"arzt-erteilt-auftrittsverbot-rapper-shindy-muss-tournee-absagen","status":"publish","type":"post","link":"https:\/\/www.europesays.com\/at\/373989\/","title":{"rendered":"Arzt erteilt Auftrittsverbot &#8211; Rapper Shindy muss Tournee absagen"},"content":{"rendered":"<p>\nErneut verschoben\n<\/p>\n<p>Aktualisiert am 03.09.2026, 22:22 Uhr\n<\/p>\n<p><a href=\"https:\/\/i0.web.de\/image\/170\/42686170,pd=1\/shindy-tournee-abgesagt.jpg\" data-brain-zone=\".42686168.content.lead.1\" data-component-path=\"content.lead.1\" data-component-name=\"article-image\" rel=\"nofollow noopener\" target=\"_blank\"> <\/p>\n<p><img loading=\"lazy\" decoding=\"async\" src=\"https:\/\/www.europesays.com\/at\/wp-content\/uploads\/2026\/09\/shindy-tournee-abgesagt.jpg\" alt=\"Shindy hat seine Tournee abgesagt.\" width=\"950\" height=\"534\"\/><\/p>\n<p><\/a> <\/p>\n<p>\nShindy hat seine Tournee abgesagt.<br \/>\n\u00a9\u00a0IMAGO\/speedshot\n<\/p>\n<p class=\"content__description\" data-speakable=\"\">Einen Tag vor dem Start hat Rapper Shindy seine &#8222;Bl\u00fcte 2&#8220;-Tour abgesagt. Der 37-J\u00e4hrige begr\u00fcndet den Schritt mit einem schweren Rippenbruch nach einem Unfall. Sein Arzt habe ihm Auftrittsverbot erteilt.<\/p>\n<p data-speakable=\"\">Der Rapper <a data-component-name=\"link.semantic\" data-brain-zone=\".42686168.content.textlink_1\" data-component-path=\"content.textlink_1\" href=\"https:\/\/web.de\/magazine\/unterhaltung\/thema\/shindy\" rel=\"nofollow noopener\" target=\"_blank\">Shindy<\/a> (37) hat seine geplante &#8222;Bl\u00fcte 2 Tour&#8220; kurzfristig abgesagt. Als Grund nannte der 37-J\u00e4hrige einen Rippenbruch. In einer Instagram-Story teilte Shindy mit, er m\u00fcsse &#8222;schweren Herzens&#8220; alle Termine der Tournee streichen. &#8222;Mein Arzt hat mir gestern Nachmittag aufgrund eines schweren Rippenbruchs, den ich mir bei einem Unfall zugezogen habe, Auftrittsverbot erteilt&#8220;, schrieb er.<\/p>\n<p data-speakable=\"\">Details zum Unfall nannte der 37-J\u00e4hrige nicht. Der K\u00fcnstler bat seine Fans um Entschuldigung f\u00fcr die &#8222;entstandenen Unannehmlichkeiten&#8220; und betonte, er bedauere die Situation sehr. Insgesamt waren acht Shows geplant. Das erste Konzert war f\u00fcr den 4. September in der Frankfurter Jahrhunderthalle angesetzt.<\/p>\n<p><img loading=\"lazy\" decoding=\"async\" src=\"https:\/\/www.europesays.com\/at\/wp-content\/uploads\/2026\/09\/shindy-widmet-verstorbenen-mutter-song.jpg\" alt=\"Shindy widmet seiner verstorbenen Mutter einen neuen Song\" width=\"950\" height=\"534\"\/><\/p>\n<p>\nAktualisiert<br \/>\nam 23.10.2024, 16:58 Uhr\n<\/p>\n<p>\nRapper Shindy meldet sich mit einem tief bewegenden Song zur\u00fcck. In 40 Tage&#8220; widmet er seiner verstorbenen Mutter ein musikalisches Denkmal, das auf r\u00fchrende Weise den orthodoxen Glauben aufgreift. Auch der jahrelange Rivale Farid Bang zeigt Gr\u00f6\u00dfe und spendet Trost. <\/p>\n<p>Bekannter Arzt behandelt den Rapper<\/p>\n<p data-speakable=\"\">Bereits erworbene Tickets k\u00f6nnen r\u00fcckerstattet werden. Neue Termine wurden zum gegenw\u00e4rtigen Zeitpunkt nicht bekanntgegeben. In einer weiteren Story bedankte sich Shindy f\u00fcr die zahlreichen Genesungsw\u00fcnsche und richtete auch ein besonderes Dankesch\u00f6n an seinen behandelnden Arzt, Hans-Wilhelm M\u00fcller-Wohlfahrt (84). Dieser war jahrelang als Mannschaftsarzt des FC Bayern M\u00fcnchen t\u00e4tig.<\/p>\n<p>Empfehlungen der Redaktion<\/p>\n<p data-speakable=\"\">Es ist nicht das erste Mal, dass die Tournee von Shindy verschoben wurde. Die &#8222;Bl\u00fcte 2&#8220;-Tour war zun\u00e4chst f\u00fcr den vergangenen Winter angesetzt, ehe sie im Dezember 2025 auf September 2026 verschoben wurde. <a target=\"_blank\" data-brain-zone=\".42686168.content.textlink_2\" data-component-path=\"content.textlink_2\" data-component-name=\"link.external\" rel=\"noopener nofollow\" href=\"https:\/\/www.dirkbecker-entertainment.de\/acts\/shindy#Act-Detail\">Als Grund nannte der Veranstalter Dirk Becker Entertainment damals<\/a>, der K\u00fcnstler wolle sich f\u00fcr das kommende Album und die begleitende Tournee &#8222;mehr Zeit nehmen&#8220;; entsprechend m\u00fcsse die Tour &#8222;leider&#8220; verschoben werden.<\/p>\n<p data-speakable=\"\">Auch das zur Tour angek\u00fcndigte Album liegt bislang nicht vor. &#8222;Bl\u00fcte 2&#8220; soll voraussichtlich am 30. Oktober erscheinen. Bisher wurden drei Singles ausgekoppelt, zuletzt erschien &#8222;YMM&#8220; in Zusammenarbeit mit Saliou und Toujour. (des\/spot)\u00a0<br \/>\n\u00a9 1&amp;1 Mail &amp; Media\/spot on news<\/p>\n","protected":false},"excerpt":{"rendered":"Erneut verschoben Aktualisiert am 03.09.2026, 22:22 Uhr Shindy hat seine Tournee abgesagt. \u00a9\u00a0IMAGO\/speedshot Einen Tag vor dem Start&hellip;\n","protected":false},"author":2,"featured_media":373990,"comment_status":"","ping_status":"","sticky":false,"template":"","format":"standard","meta":{"footnotes":"","_share_on_mastodon":"0"},"categories":[24],"tags":[46,93471,42,147,153,154,44,93645,3926,2976,232,148],"class_list":["post-373989","post","type-post","status-publish","format-standard","has-post-thumbnail","category-musik","tag-at","tag-auftrittsverbot","tag-austria","tag-entertainment","tag-music","tag-musik","tag-oesterreich","tag-rippenbruch","tag-shindy","tag-tournee","tag-unfall","tag-unterhaltung"],"share_on_mastodon":{"url":"https:\/\/pubeurope.com\/@at\/117210085890337597","error":""},"_links":{"self":[{"href":"https:\/\/www.europesays.com\/at\/wp-json\/wp\/v2\/posts\/373989","targetHints":{"allow":["GET"]}}],"collection":[{"href":"https:\/\/www.europesays.com\/at\/wp-json\/wp\/v2\/posts"}],"about":[{"href":"https:\/\/www.europesays.com\/at\/wp-json\/wp\/v2\/types\/post"}],"author":[{"embeddable":true,"href":"https:\/\/www.europesays.com\/at\/wp-json\/wp\/v2\/users\/2"}],"replies":[{"embeddable":true,"href":"https:\/\/www.europesays.com\/at\/wp-json\/wp\/v2\/comments?post=373989"}],"version-history":[{"count":0,"href":"https:\/\/www.europesays.com\/at\/wp-json\/wp\/v2\/posts\/373989\/revisions"}],"wp:featuredmedia":[{"embeddable":true,"href":"https:\/\/www.europesays.com\/at\/wp-json\/wp\/v2\/media\/373990"}],"wp:attachment":[{"href":"https:\/\/www.europesays.com\/at\/wp-json\/wp\/v2\/media?parent=373989"}],"wp:term":[{"taxonomy":"category","embeddable":true,"href":"https:\/\/www.europesays.com\/at\/wp-json\/wp\/v2\/categories?post=373989"},{"taxonomy":"post_tag","embeddable":true,"href":"https:\/\/www.europesays.com\/at\/wp-json\/wp\/v2\/tags?post=373989"}],"curies":[{"name":"wp","href":"https:\/\/api.w.org\/{rel}","templated":true}]}}