{"id":374001,"date":"2026-09-04T01:11:18","date_gmt":"2026-09-04T01:11:18","guid":{"rendered":"https:\/\/www.europesays.com\/at\/374001\/"},"modified":"2026-09-04T01:11:18","modified_gmt":"2026-09-04T01:11:18","slug":"drei-profis-fehlen-sturm-graz-gibt-europa-league-kader-bekannt-2","status":"publish","type":"post","link":"https:\/\/www.europesays.com\/at\/374001\/","title":{"rendered":"Drei Profis fehlen! Sturm Graz gibt Europa-League-Kader bekannt"},"content":{"rendered":"<p><a href=\"https:\/\/www.skysportaustria.at\/fussball\/admiral-bundesliga\/sk-sturm-graz\/\" rel=\"nofollow noopener\" target=\"_blank\">Sturm Graz<\/a> hat am Donnerstag sein Aufgebot f\u00fcr die Europacup-Saison in der <a href=\"https:\/\/www.skysportaustria.at\/fussball\/uefa-europa-league\/\" rel=\"nofollow noopener\" target=\"_blank\">UEFA Europa League<\/a> verk\u00fcndet.<\/p>\n<p>Beim Blick auf den EL-Kader der Grazer fehlen drei Spieler, die aktuell noch in der ersten Mannschaft gef\u00fchrt werden. So verzichtete Sturm-Coach Fabio Ingolitsch bei den Abgangskandidaten Szymon Wlodarczyk und Niklas Geyrhofer durchaus erwartbar auf eine Nominierung.<\/p>\n<p>Etwas \u00fcberraschend fehlt auch Angreifer Axel Kayombo im EL-Aufgebot der Grazer. Der 20-j\u00e4hrige Franzose hat durch die <a href=\"https:\/\/www.skysportaustria.at\/sky-info-sturm-graz-verpflichtet-wm-stuermer\/\" rel=\"nofollow noopener\" target=\"_blank\">Verpflichtung des ivorischen WM-St\u00fcrmers Oumar Diakite<\/a> neue Konkurrenz im Angriff bekommen und k\u00f6nnte die Grazer noch in dieser Transferperiode verlassen.<\/p>\n<p><img loading=\"lazy\" decoding=\"async\" class=\"size-full wp-image-4707927\" src=\"https:\/\/www.europesays.com\/at\/wp-content\/uploads\/2026\/09\/1788484278_178_GEPA-20260804-101-147-0019.jpg\" alt=\"\" width=\"4049\" height=\"2700\"  \/>Kayombo vor Wechsel? Der Franzose kam erst im vergangenen Sommer vom FC Basel nach Graz. \u00a9 GEPA<\/p>\n<p>W\u00e4hrend das Sommer-Transferfenster in \u00d6sterreich am Donnerstag um 17 Uhr schlie\u00dft, d\u00fcrfen andere L\u00e4nder wie die T\u00fcrkei (bis 4. September) oder Saudi-Arabien (bis 6. September) weiterhin Spieler verpflichten.<\/p>\n<p>Die Europa-League-Saison f\u00fcr den SK Sturm startet am Mittwoch, 16. September mit einem Heimspiel gegen den franz\u00f6sischen Klub Stade Rennes.<\/p>\n<p>\u00a0<\/p>\n<p dir=\"ltr\" lang=\"de\">Mit diesem Kader gehen wir in die <a href=\"https:\/\/x.com\/EuropaLeague?ref_src=twsrc%5Etfw\" rel=\"nofollow\">@EuropaLeague<\/a>-Ligaphase! <a href=\"https:\/\/x.com\/hashtag\/UEL?src=hash&amp;ref_src=twsrc%5Etfw\" rel=\"nofollow\">#UEL<\/a> <a href=\"https:\/\/x.com\/hashtag\/sturmgraz?src=hash&amp;ref_src=twsrc%5Etfw\" rel=\"nofollow\">#sturmgraz<\/a> <a href=\"https:\/\/t.co\/MsChLkBWf4\" rel=\"nofollow\">pic.twitter.com\/MsChLkBWf4<\/a><\/p>\n<p>\u2014 SK Sturm Graz (@SKSturm) <a href=\"https:\/\/x.com\/SKSturm\/status\/2095425659874971826?ref_src=twsrc%5Etfw\" rel=\"nofollow\">September 3, 2026<\/a><\/p>\n<p>\t<script async src=\"https:\/\/platform.twitter.com\/widgets.js\" charset=\"utf-8\"><\/script><\/p>\n","protected":false},"excerpt":{"rendered":"Sturm Graz hat am Donnerstag sein Aufgebot f\u00fcr die Europacup-Saison in der UEFA Europa League verk\u00fcndet. Beim Blick&hellip;\n","protected":false},"author":2,"featured_media":374002,"comment_status":"","ping_status":"","sticky":false,"template":"","format":"standard","meta":{"footnotes":"","_share_on_mastodon":"0"},"categories":[3],"tags":[76,75,671,74,49462,4246],"class_list":["post-374001","post","type-post","status-publish","format-standard","has-post-thumbnail","category-europa","tag-eu","tag-europa","tag-europa-league","tag-europe","tag-kader","tag-sturm-graz"],"share_on_mastodon":{"url":"https:\/\/pubeurope.com\/@at\/117210113145812316","error":""},"_links":{"self":[{"href":"https:\/\/www.europesays.com\/at\/wp-json\/wp\/v2\/posts\/374001","targetHints":{"allow":["GET"]}}],"collection":[{"href":"https:\/\/www.europesays.com\/at\/wp-json\/wp\/v2\/posts"}],"about":[{"href":"https:\/\/www.europesays.com\/at\/wp-json\/wp\/v2\/types\/post"}],"author":[{"embeddable":true,"href":"https:\/\/www.europesays.com\/at\/wp-json\/wp\/v2\/users\/2"}],"replies":[{"embeddable":true,"href":"https:\/\/www.europesays.com\/at\/wp-json\/wp\/v2\/comments?post=374001"}],"version-history":[{"count":0,"href":"https:\/\/www.europesays.com\/at\/wp-json\/wp\/v2\/posts\/374001\/revisions"}],"wp:featuredmedia":[{"embeddable":true,"href":"https:\/\/www.europesays.com\/at\/wp-json\/wp\/v2\/media\/374002"}],"wp:attachment":[{"href":"https:\/\/www.europesays.com\/at\/wp-json\/wp\/v2\/media?parent=374001"}],"wp:term":[{"taxonomy":"category","embeddable":true,"href":"https:\/\/www.europesays.com\/at\/wp-json\/wp\/v2\/categories?post=374001"},{"taxonomy":"post_tag","embeddable":true,"href":"https:\/\/www.europesays.com\/at\/wp-json\/wp\/v2\/tags?post=374001"}],"curies":[{"name":"wp","href":"https:\/\/api.w.org\/{rel}","templated":true}]}}