{"id":374043,"date":"2026-09-04T01:41:14","date_gmt":"2026-09-04T01:41:14","guid":{"rendered":"https:\/\/www.europesays.com\/at\/374043\/"},"modified":"2026-09-04T01:41:14","modified_gmt":"2026-09-04T01:41:14","slug":"heidi-klum-feiert-comeback-bei-americas-got-talent","status":"publish","type":"post","link":"https:\/\/www.europesays.com\/at\/374043\/","title":{"rendered":"Heidi Klum feiert Comeback bei &#8222;America&#8217;s Got Talent&#8220;"},"content":{"rendered":"<p>\nStars\n<\/p>\n<p>Aktualisiert am 03.09.2026, 11:07 Uhr\n<\/p>\n<p><a href=\"https:\/\/i0.web.de\/image\/512\/42683512,pd=1\/heidi-klum-sass-2024-jury-americas-got-talent.jpg\" data-brain-zone=\".42683510.content.lead.1\" data-component-path=\"content.lead.1\" data-component-name=\"article-image\" rel=\"nofollow noopener\" target=\"_blank\"> <\/p>\n<p><img loading=\"lazy\" decoding=\"async\" src=\"https:\/\/www.europesays.com\/at\/wp-content\/uploads\/2026\/09\/heidi-klum-sass-2024-jury-americas-got-talent.jpg\" alt=\"Heidi Klum sa\u00df zuletzt 2024 in der Jury von &quot;America's Got Talent&quot;.\" width=\"950\" height=\"534\"\/><\/p>\n<p><\/a> <\/p>\n<p>\nHeidi Klum sa\u00df zuletzt 2024 in der Jury von &#8222;America&#8217;s Got Talent&#8220;.<br \/>\n\u00a9\u00a0IMAGO\/Cover-Images\n<\/p>\n<p class=\"content__description\" data-speakable=\"\">Heidi Klum sitzt am 8. September nach zwei Jahren wieder in der Jury von &#8222;America&#8217;s Got Talent&#8220;. Das Model vertritt Simon Cowell, der sich von einer R\u00fcckenoperation erholt.<\/p>\n<p data-speakable=\"\"><a data-component-name=\"link.semantic\" data-brain-zone=\".42683510.content.textlink_2\" data-component-path=\"content.textlink_2\" href=\"https:\/\/web.de\/magazine\/unterhaltung\/thema\/heidi-klum\" rel=\"nofollow noopener\" target=\"_blank\">Heidi Klum<\/a> (53) kehrt an das Jurypult von &#8222;America&#8217;s Got Talent&#8220; zur\u00fcck. Am 8. September springt das Model f\u00fcr <a data-component-name=\"link.semantic\" data-brain-zone=\".42683510.content.textlink_3\" data-component-path=\"content.textlink_3\" href=\"https:\/\/web.de\/magazine\/unterhaltung\/thema\/simon-cowell\" rel=\"nofollow noopener\" target=\"_blank\">Simon Cowell<\/a> (66), der sich weiterhin von einer R\u00fcckenoperation erholt. Das gab <a target=\"_blank\" data-brain-zone=\".42683510.content.textlink_4\" data-component-path=\"content.textlink_4\" data-component-name=\"link.external\" rel=\"noopener nofollow\" href=\"https:\/\/www.nbc.com\/nbc-insider\/heidi-klum-judge-agt-21\">der verantwortliche Sender NBC<\/a> am Mittwochabend bekannt.<\/p>\n<p data-speakable=\"\">Klum \u00fcbernimmt f\u00fcr eine Sonderfolge: Weil der letzte Durchgang des Viertelfinales der 21. Staffel ansteht, wird die Sendung auf drei Stunden ausgedehnt. Alle Auftritte und Ergebnisse werden in einer einzigen Ausgabe gezeigt. Am Ende des Abends steht fest, welche 16 Acts um die Million Dollar weiterk\u00e4mpfen. Die separate Folge am Mittwoch, dem 9. September, entf\u00e4llt daf\u00fcr.<\/p>\n<p>Comeback nach zwei Jahren<\/p>\n<p data-speakable=\"\">Heidi Klum bringt reichlich &#8222;AGT&#8220;-Erfahrung mit. Sie sa\u00df von 2013 bis 2018 und 2020 bis 2024 in elf Staffeln und knapp 250 Folgen in der Jury der Castingshow, dazu kommen die Ableger &#8222;AGT: Fantasy Leagues&#8220;, &#8222;AGT: All-Stars&#8220; und &#8222;AGT: The Champions&#8220;. Nachdem sie 2025 als Moderatorin zur\u00fcck zu &#8222;Project Runway&#8220; geholt wurde, hatte sie sich nach Staffel 19 verabschiedet.<\/p>\n<p>Thompson hielt den Stuhl warm<\/p>\n<p data-speakable=\"\">Neben ihr urteilen kommende Woche wie gew\u00f6hnlich Howie Mandel, Sof\u00eda Vergara und Mel B \u00fcber die Kandidaten. Zuletzt war Kenan Thompson wie bereits 2020 f\u00fcr den verletzten Simon Cowell eingesprungen.<\/p>\n<p>Empfehlungen der Redaktion<\/p>\n<p data-speakable=\"\">Dessen Ausfall wegen einer R\u00fcckenoperation hatte sein Sprecher im August <a target=\"_blank\" data-brain-zone=\".42683510.content.textlink_5\" data-component-path=\"content.textlink_5\" data-component-name=\"link.external\" rel=\"noopener nofollow\" href=\"https:\/\/ew.com\/simon-cowell-to-miss-weeks-of-america-s-got-talent-due-to-back-surgery-12066121?_gl=1*1chy0qg*_ga*MTIzNjM3OTk0Ny4xNzY0MjUyMTc1*_ga_DK3GDWHWJH*czE3ODc2Mjk4ODQkbzI0NCRnMSR0MTc4NzYzMDgxNCRqMTgkbDAkaDA.\">gegen\u00fcber &#8222;Entertainment Weekly&#8220;<\/a> best\u00e4tigt. Medizinische Fragen seien Privatsache, hie\u00df es, es handle sich aber um eine &#8222;Routinebehandlung&#8220; und Cowell werde &#8222;in ein paar Wochen&#8220; zur\u00fcck in der Show sein.<\/p>\n<p data-speakable=\"\">Der Produzent war im August 2020 im Innenhof seines Hauses in Malibu von einem E-Bike gest\u00fcrzt und rund zweieinhalb Meter durch die Luft geschleudert worden. Dabei brach er sich den R\u00fccken und musste mehrere Stunden lang operiert werden, der Vorfall beeintr\u00e4chtigt ihn bis heute.<\/p>\n<p data-speakable=\"\">Die 21. Staffel von &#8222;America&#8217;s Got Talent&#8220; l\u00e4uft seit dem 2. Juni und endet am 23. September. Gezeigt wird die Show normalerweise dienstags und mittwochs bei NBC. (eyn\/spot)\u00a0<br \/>\n\u00a9 spot on news<\/p>\n","protected":false},"excerpt":{"rendered":"Stars Aktualisiert am 03.09.2026, 11:07 Uhr Heidi Klum sa\u00df zuletzt 2024 in der Jury von &#8222;America&#8217;s Got Talent&#8220;.&hellip;\n","protected":false},"author":2,"featured_media":374044,"comment_status":"","ping_status":"","sticky":false,"template":"","format":"standard","meta":{"footnotes":"","_share_on_mastodon":"0"},"categories":[25],"tags":[46,42,147,2301,85850,9057,44,93658,156,155,93657,148],"class_list":["post-374043","post","type-post","status-publish","format-standard","has-post-thumbnail","category-serien","tag-at","tag-austria","tag-entertainment","tag-heidi-klum","tag-kenan-thompson","tag-nbc","tag-oesterreich","tag-rueckenoperation","tag-serien","tag-series","tag-simon-cowell","tag-unterhaltung"],"share_on_mastodon":{"url":"https:\/\/pubeurope.com\/@at\/117210231383284691","error":""},"_links":{"self":[{"href":"https:\/\/www.europesays.com\/at\/wp-json\/wp\/v2\/posts\/374043","targetHints":{"allow":["GET"]}}],"collection":[{"href":"https:\/\/www.europesays.com\/at\/wp-json\/wp\/v2\/posts"}],"about":[{"href":"https:\/\/www.europesays.com\/at\/wp-json\/wp\/v2\/types\/post"}],"author":[{"embeddable":true,"href":"https:\/\/www.europesays.com\/at\/wp-json\/wp\/v2\/users\/2"}],"replies":[{"embeddable":true,"href":"https:\/\/www.europesays.com\/at\/wp-json\/wp\/v2\/comments?post=374043"}],"version-history":[{"count":0,"href":"https:\/\/www.europesays.com\/at\/wp-json\/wp\/v2\/posts\/374043\/revisions"}],"wp:featuredmedia":[{"embeddable":true,"href":"https:\/\/www.europesays.com\/at\/wp-json\/wp\/v2\/media\/374044"}],"wp:attachment":[{"href":"https:\/\/www.europesays.com\/at\/wp-json\/wp\/v2\/media?parent=374043"}],"wp:term":[{"taxonomy":"category","embeddable":true,"href":"https:\/\/www.europesays.com\/at\/wp-json\/wp\/v2\/categories?post=374043"},{"taxonomy":"post_tag","embeddable":true,"href":"https:\/\/www.europesays.com\/at\/wp-json\/wp\/v2\/tags?post=374043"}],"curies":[{"name":"wp","href":"https:\/\/api.w.org\/{rel}","templated":true}]}}