{"id":374045,"date":"2026-09-04T01:42:29","date_gmt":"2026-09-04T01:42:29","guid":{"rendered":"https:\/\/www.europesays.com\/at\/374045\/"},"modified":"2026-09-04T01:42:29","modified_gmt":"2026-09-04T01:42:29","slug":"ensiferum-feiern-ihre-fruehen-jahre-live-mit-jari-maeenpaeae","status":"publish","type":"post","link":"https:\/\/www.europesays.com\/at\/374045\/","title":{"rendered":"Ensiferum feiern ihre fr\u00fchen Jahre live mit Jari M\u00e4enp\u00e4\u00e4"},"content":{"rendered":"<p><img loading=\"lazy\" decoding=\"async\" src=\"https:\/\/www.europesays.com\/at\/wp-content\/uploads\/2026\/09\/63aa58b86c23493198a5f69acfbd6ff4.gif\" alt=\"\" width=\"1\" height=\"1\"\/>F\u00fcr das kommende Jahr haben\u00a0<a href=\"https:\/\/www.metal-hammer.de\/artists\/ensiferum\/\" rel=\"nofollow noopener\" target=\"_blank\">Ensiferum<\/a> etwas Besonderes ausgeheckt: Die finnischen Folk-Metaller wollen ausschlie\u00dflich Material ihrer Anfangsjahre auf die B\u00fchne bringen. Daf\u00fcr kehrt sogar Jari M\u00e4enp\u00e4\u00e4 zur\u00fcck, der ab 1996 f\u00fcr den Gesang und die zweite Gitarre verantwortlich war. 2004 gingen er und die Band getrennte Wege, damit M\u00e4enp\u00e4\u00e4 sich voll und ganz seinem damals neuen Projekt <a href=\"https:\/\/www.metal-hammer.de\/artists\/wintersun\/\" rel=\"nofollow noopener\" target=\"_blank\">Wintersun<\/a> widmen konnte. Bei Ensiferum \u00fcbernahm fortan Petri Lindroos, der damals noch bei <a href=\"https:\/\/www.metal-hammer.de\/themen\/norther\/\" rel=\"nofollow noopener\" target=\"_blank\">Norther<\/a> t\u00e4tig war, den Posten von M\u00e4enp\u00e4\u00e4.<\/p>\n<p>Alles auf Anfang<\/p>\n<p>2027 sollen alle gemeinsam auf der B\u00fchne stehen. Alle meint: Band-Gr\u00fcnder Markus Toivonen (Gitarre, Gesang), Petri Lindroos, Bassist Sami Hinkka, Schlagzeuger Janne Parviainen, Keyboarder Pekka Montin, und eben Jari M\u00e4enp\u00e4\u00e4. In dieser Konstellation soll es unter dem Banner \u201eThe Early Years\u201c auf Europatournee gehen.<\/p>\n<p>Offiziell best\u00e4tigt ist bislang ein Headliner-Auftritt beim Ragnar\u00f6k Festival, das vom 1. bis 3. April 2027 in Lichtenfels stattfindet. Dar\u00fcber hinaus sollen weitere Termine folgen, wie Ensiferum in einem Social Media-Post erkl\u00e4ren: \u201eWir bringen ,The Early Years\u2018 2027 durch ganz Europa. Und, wer wei\u00df\u2026 Vielleicht sogar noch weiter.\u201c<\/p>\n<p>Empfehlungen der Redaktion<\/p>\n<p>Die Band erkl\u00e4rt au\u00dferdem: \u201eDas ist mehr als nur eine Show \u2013 es ist eine R\u00fcckkehr zu den Wurzeln. Zu der Energie und der Vision, womit alles begann.\u201c Jari M\u00e4enp\u00e4\u00e4 f\u00fcgt hinzu: \u201eIch freue mich riesig und f\u00fchle mich geehrt, bei diesen ganz besonderen \u201aEarly Years\u2018-Liveshows mit Ensiferum auf der B\u00fchne zu stehen! Nach mehr als zwanzig Jahren werde ich wieder gemeinsam mit Ensiferum auftreten. Ich kann es kaum erwarten, diese Klassiker gemeinsam mit euch zu singen. Wir sehen uns dort!\u201c<\/p>\n<p>An dieser Stelle findest du Inhalte aus Instagram<\/p>\n<p>Um mit Inhalten aus Sozialen Netzwerken zu interagieren oder diese darzustellen, brauchen wir deine Zustimmung.<\/p>\n<p>\tSoziale Netzwerke aktivieren<\/p>\n<p>Eine weitere Besonderheit: Es wird das erste Mal sein, dass M\u00e4enp\u00e4\u00e4 \u00fcberhaupt mit Ensiferum au\u00dferhalb von Finnland auftritt. Die Setlist soll St\u00fccke vom Demotape (1997), dem Deb\u00fctalbum <a href=\"https:\/\/www.metal-hammer.de\/ensiferum-25-jahre-debuetwerk-ensiferum-2530423\/\" rel=\"nofollow noopener\" target=\"_blank\">ENSIFERUM<\/a> (2001), IRON (2004) sowie VICTORY SONGS (2007) umfassen. Letzteres hat kommendes Jahr sein zwanzigstes Jubil\u00e4um. Jari M\u00e4enp\u00e4\u00e4 \u00fcbernimmt demnach den Lead-Gesang bei Songs, die \u00fcberwiegend aus seiner Feder stammen und von ihm aufgenommen wurden.\u00a0<\/p>\n<p>\u2014<br \/>Bestens informiert \u00fcber dieses und alle weiteren wichtigen Themen im Metal bleibt ihr au\u00dferdem mit unserem Newsletter. Einmal pro Woche flattert euch \u00fcbersichtlich sortiert ein Update ins Postfach. <a href=\"https:\/\/www.metal-hammer.de\/news\/newsletter\/\" target=\"_blank\" rel=\"noopener noreferrer nofollow\">Einfach anmelden<\/a>, damit euch auch sicher nichts entgeht.<img loading=\"lazy\" decoding=\"async\" src=\"https:\/\/www.europesays.com\/at\/wp-content\/uploads\/2026\/09\/1788486149_521_19911a36f61246e0b80e83dfa8005a9f.gif\" alt=\"\" width=\"1\" height=\"1\"\/><\/p>\n<p class=\"wp-block-paragraph\">Exklusive Airbourne-Vinyl-7\u201c nur zusammen mit der aktuellen METAL HAMMER-Ausgabe: Jetzt am Kiosk oder direkt portofrei nach Hause zu bestellen! Alle Infos unter <a href=\"https:\/\/www.metal-hammer.de\/airbourne\" rel=\"nofollow noopener\" target=\"_blank\">www.metal-hammer.de\/airbourne<\/a>.<\/p>\n","protected":false},"excerpt":{"rendered":"F\u00fcr das kommende Jahr haben\u00a0Ensiferum etwas Besonderes ausgeheckt: Die finnischen Folk-Metaller wollen ausschlie\u00dflich Material ihrer Anfangsjahre auf die&hellip;\n","protected":false},"author":2,"featured_media":374046,"comment_status":"","ping_status":"","sticky":false,"template":"","format":"standard","meta":{"footnotes":"","_share_on_mastodon":"0"},"categories":[24],"tags":[46,42,16058,147,75,93659,3477,2973,153,154,44,93660,93661,3493,5688,2863,2976,148,93662],"class_list":["post-374045","post","type-post","status-publish","format-standard","has-post-thumbnail","category-musik","tag-at","tag-austria","tag-ensiferum","tag-entertainment","tag-europa","tag-jari-maeenpaeae","tag-jubilaeum","tag-live","tag-music","tag-musik","tag-oesterreich","tag-petri-lindroos","tag-ragnaroek-festival","tag-reunion","tag-rueckkehr","tag-tour","tag-tournee","tag-unterhaltung","tag-wintersun"],"share_on_mastodon":{"url":"https:\/\/pubeurope.com\/@at\/117210235175694003","error":""},"_links":{"self":[{"href":"https:\/\/www.europesays.com\/at\/wp-json\/wp\/v2\/posts\/374045","targetHints":{"allow":["GET"]}}],"collection":[{"href":"https:\/\/www.europesays.com\/at\/wp-json\/wp\/v2\/posts"}],"about":[{"href":"https:\/\/www.europesays.com\/at\/wp-json\/wp\/v2\/types\/post"}],"author":[{"embeddable":true,"href":"https:\/\/www.europesays.com\/at\/wp-json\/wp\/v2\/users\/2"}],"replies":[{"embeddable":true,"href":"https:\/\/www.europesays.com\/at\/wp-json\/wp\/v2\/comments?post=374045"}],"version-history":[{"count":0,"href":"https:\/\/www.europesays.com\/at\/wp-json\/wp\/v2\/posts\/374045\/revisions"}],"wp:featuredmedia":[{"embeddable":true,"href":"https:\/\/www.europesays.com\/at\/wp-json\/wp\/v2\/media\/374046"}],"wp:attachment":[{"href":"https:\/\/www.europesays.com\/at\/wp-json\/wp\/v2\/media?parent=374045"}],"wp:term":[{"taxonomy":"category","embeddable":true,"href":"https:\/\/www.europesays.com\/at\/wp-json\/wp\/v2\/categories?post=374045"},{"taxonomy":"post_tag","embeddable":true,"href":"https:\/\/www.europesays.com\/at\/wp-json\/wp\/v2\/tags?post=374045"}],"curies":[{"name":"wp","href":"https:\/\/api.w.org\/{rel}","templated":true}]}}