{"id":374081,"date":"2026-09-04T02:05:16","date_gmt":"2026-09-04T02:05:16","guid":{"rendered":"https:\/\/www.europesays.com\/at\/374081\/"},"modified":"2026-09-04T02:05:16","modified_gmt":"2026-09-04T02:05:16","slug":"no-deal-rapid-geht-am-deadline-day-leer-aus","status":"publish","type":"post","link":"https:\/\/www.europesays.com\/at\/374081\/","title":{"rendered":"No Deal: Rapid geht am Deadline Day leer aus"},"content":{"rendered":"<p>Der <a href=\"https:\/\/www.laola1.at\/de\/daten\/news\/fussball\/sk-rapid-wien\/\" class=\"tag\" rel=\"nofollow noopener\" target=\"_blank\">SK Rapid<\/a> hat am Deadline Day keinen Spieler mehr verpflichtet.<\/p>\n<p>Am Tag nach der <a target=\"_blank\" rel=\"noopener noreferrer nofollow\" href=\"https:\/\/www.laola1.at\/de\/red\/fussball\/bundesliga\/27\/4\/salzburg-ueberrollt-rapid--bullen-gewinnen-spitzenspiel-klar\/\">1:5-Schlappe bei Red Bull Salzburg<\/a> sind die Hoffnungen im Westen Wiens gro\u00df gewesen, doch noch einen defensiven Mittelfeldspieler an Land zu ziehen &#8211; dies ist jedoch nicht gelungen, wie Sportchef <a href=\"https:\/\/www.laola1.at\/de\/daten\/news\/markus-katzer\/\" class=\"tag\" rel=\"nofollow noopener\" target=\"_blank\">Markus Katzer<\/a> gegen\u00fcber dem &#8222;Kurier&#8220; best\u00e4tigt.<\/p>\n<p>Die H\u00fctteldorfer haben mit Romeo Amane, <a href=\"https:\/\/www.laola1.at\/de\/daten\/news\/lukas-grgic\/\" class=\"tag\" rel=\"nofollow noopener\" target=\"_blank\">Lukas Grgic<\/a> und Tobias B\u00f6rkeeit gleich drei Sechser ziehen lassen. W\u00e4hrend die beiden letzteren eher verschmerzbar sind, tut beim 23-j\u00e4hrigen Ivorer nur die Abl\u00f6se in H\u00f6he von 6,5 Millionen Euro gut.<\/p>\n<p>Ndzie noch l\u00e4ngere Zeit verletzt<\/p>\n<p>Somit bleibt es im defensiven Mittelfeld vorerst bei Kapit\u00e4n <a href=\"https:\/\/www.laola1.at\/de\/daten\/news\/matthias-seidl\/\" class=\"tag\" rel=\"nofollow noopener\" target=\"_blank\">Matthias Seidl<\/a> und <a href=\"https:\/\/www.laola1.at\/de\/daten\/news\/nicolas-bajlicz\/\" class=\"tag\" rel=\"nofollow noopener\" target=\"_blank\">Nicolas Bajlicz<\/a>. <\/p>\n<p>Trainer Johannes Hoff Thorup wird dar\u00fcber wohl nicht g\u00e4nzlich gl\u00fccklich sein, hat der Trainer nach der Klatsche in Salzburg doch gemeint: &#8222;Wir haben heute gesehen, wo wir Verst\u00e4rkung brauchen, wenn wir um die Spitzenpl\u00e4tze in dieser Liga mitspielen wollen.&#8220;<\/p>\n<p>Weiters im Kader sind noch der 19-j\u00e4hrige Lorenz Szladits und Martin Ndzie. Der Kameruner k\u00f6nnte in diesem Jahr wohl noch als Neuzugang bezeichnet werden, ist er doch seit seiner Verpflichtung vor einem Jahr f\u00fcr 2,5 Millionen Euro erst auf 14 Spiele gekommen.<\/p>\n<p>Der 23-J\u00e4hrige f\u00e4llt seit dem <a href=\"https:\/\/www.laola1.at\/de\/daten\/news\/wiener-derby\/\" class=\"tag\" rel=\"nofollow noopener\" target=\"_blank\">Wiener Derby<\/a> im Februar mit einer Knieverletzung aus, wird aber wohl erst in einigen Wochen wieder Thema f\u00fcr Eins\u00e4tze sein.<\/p>\n","protected":false},"excerpt":{"rendered":"Der SK Rapid hat am Deadline Day keinen Spieler mehr verpflichtet. Am Tag nach der 1:5-Schlappe bei Red&hellip;\n","protected":false},"author":2,"featured_media":374082,"comment_status":"","ping_status":"","sticky":false,"template":"","format":"standard","meta":{"footnotes":"","_share_on_mastodon":"0"},"categories":[18],"tags":[1069,46,42,964,965,966,44,19666,969,109,108,9986,1877],"class_list":["post-374081","post","type-post","status-publish","format-standard","has-post-thumbnail","category-sport","tag-admiral-bundesliga","tag-at","tag-austria","tag-fussball","tag-johannes-hoff-thorup","tag-markus-katzer","tag-oesterreich","tag-romeo-amane","tag-sk-rapid","tag-sport","tag-sports","tag-transfer","tag-transfermarkt"],"share_on_mastodon":{"url":"https:\/\/pubeurope.com\/@at\/117210325056432089","error":""},"_links":{"self":[{"href":"https:\/\/www.europesays.com\/at\/wp-json\/wp\/v2\/posts\/374081","targetHints":{"allow":["GET"]}}],"collection":[{"href":"https:\/\/www.europesays.com\/at\/wp-json\/wp\/v2\/posts"}],"about":[{"href":"https:\/\/www.europesays.com\/at\/wp-json\/wp\/v2\/types\/post"}],"author":[{"embeddable":true,"href":"https:\/\/www.europesays.com\/at\/wp-json\/wp\/v2\/users\/2"}],"replies":[{"embeddable":true,"href":"https:\/\/www.europesays.com\/at\/wp-json\/wp\/v2\/comments?post=374081"}],"version-history":[{"count":0,"href":"https:\/\/www.europesays.com\/at\/wp-json\/wp\/v2\/posts\/374081\/revisions"}],"wp:featuredmedia":[{"embeddable":true,"href":"https:\/\/www.europesays.com\/at\/wp-json\/wp\/v2\/media\/374082"}],"wp:attachment":[{"href":"https:\/\/www.europesays.com\/at\/wp-json\/wp\/v2\/media?parent=374081"}],"wp:term":[{"taxonomy":"category","embeddable":true,"href":"https:\/\/www.europesays.com\/at\/wp-json\/wp\/v2\/categories?post=374081"},{"taxonomy":"post_tag","embeddable":true,"href":"https:\/\/www.europesays.com\/at\/wp-json\/wp\/v2\/tags?post=374081"}],"curies":[{"name":"wp","href":"https:\/\/api.w.org\/{rel}","templated":true}]}}