{"id":374087,"date":"2026-09-04T02:08:25","date_gmt":"2026-09-04T02:08:25","guid":{"rendered":"https:\/\/www.europesays.com\/at\/374087\/"},"modified":"2026-09-04T02:08:25","modified_gmt":"2026-09-04T02:08:25","slug":"europas-zweitgroesster-duenger-konzern-droht-mit-abbau-der-stickstoffduenger-produktion","status":"publish","type":"post","link":"https:\/\/www.europesays.com\/at\/374087\/","title":{"rendered":"Europas zweitgr\u00f6\u00dfter D\u00fcnger-Konzern droht mit Abbau der Stickstoffd\u00fcnger-Produktion"},"content":{"rendered":"<p>Die Europ\u00e4ische Kommission hat das Risiko f\u00fcr eine sichere Ern\u00e4hrung in Europa erkannt. Erst im Mai hatte die EU-Kommission einen <a href=\"https:\/\/www.agrarheute.com\/politik\/duengemittel-aktionsplan-eu-holt-landwirte-krise-640777\" data-entity-type=\"node\" data-entity-uuid=\"37548945-9890-486c-a66a-d94214f8ba66\" data-entity-substitution=\"canonical\" title=\"D\u00fcngemittel-Aktionsplan der EU: Holt er Landwirte aus der Krise?\" rel=\"nofollow noopener\" target=\"_blank\">D\u00fcngemittel-Aktionsplan vorgelegt. <\/a>Ziel ist es, die Abh\u00e4ngigkeit Europas bei Minerald\u00fcngern von Importen zu verringern.\u00a0<\/p>\n<p>Zu den zahlreichen geplanten Ma\u00dfnahmen geh\u00f6rt, im Rahmen einer EU-Partnerschaft die Produktionskapazit\u00e4ten auszubauen. Die Versorgung mit Ammoniak, Harnstoff sowie anderen relevanten D\u00fcngemitteln soll diversifiziert, die heimische Produktion von Kali und Phosphat ausgebaut werden.\u00a0<\/p>\n<p>Allerdings gibt es Kritik an dem Aktionsplan. Nach Auffassung des Europ\u00e4ischen Bauernverbandes (COPA) reichen die Ma\u00dfnahmen bei Weitem nicht aus, um eine sichere Versorgung der Landwirtschaft mit Minerald\u00fcnger zu wettbewerbsf\u00e4higen Preisen sicherzustellen.<\/p>\n","protected":false},"excerpt":{"rendered":"Die Europ\u00e4ische Kommission hat das Risiko f\u00fcr eine sichere Ern\u00e4hrung in Europa erkannt. Erst im Mai hatte die&hellip;\n","protected":false},"author":2,"featured_media":374088,"comment_status":"","ping_status":"","sticky":false,"template":"","format":"standard","meta":{"footnotes":"","_share_on_mastodon":"0"},"categories":[3],"tags":[12991,76,75,74,30810,93665,93666],"class_list":["post-374087","post","type-post","status-publish","format-standard","has-post-thumbnail","category-europa","tag-duengerpreise","tag-eu","tag-europa","tag-europe","tag-mineralduenger","tag-selbstversorgung","tag-stickstoffduenger"],"share_on_mastodon":{"url":"https:\/\/pubeurope.com\/@at\/117210336878817108","error":""},"_links":{"self":[{"href":"https:\/\/www.europesays.com\/at\/wp-json\/wp\/v2\/posts\/374087","targetHints":{"allow":["GET"]}}],"collection":[{"href":"https:\/\/www.europesays.com\/at\/wp-json\/wp\/v2\/posts"}],"about":[{"href":"https:\/\/www.europesays.com\/at\/wp-json\/wp\/v2\/types\/post"}],"author":[{"embeddable":true,"href":"https:\/\/www.europesays.com\/at\/wp-json\/wp\/v2\/users\/2"}],"replies":[{"embeddable":true,"href":"https:\/\/www.europesays.com\/at\/wp-json\/wp\/v2\/comments?post=374087"}],"version-history":[{"count":0,"href":"https:\/\/www.europesays.com\/at\/wp-json\/wp\/v2\/posts\/374087\/revisions"}],"wp:featuredmedia":[{"embeddable":true,"href":"https:\/\/www.europesays.com\/at\/wp-json\/wp\/v2\/media\/374088"}],"wp:attachment":[{"href":"https:\/\/www.europesays.com\/at\/wp-json\/wp\/v2\/media?parent=374087"}],"wp:term":[{"taxonomy":"category","embeddable":true,"href":"https:\/\/www.europesays.com\/at\/wp-json\/wp\/v2\/categories?post=374087"},{"taxonomy":"post_tag","embeddable":true,"href":"https:\/\/www.europesays.com\/at\/wp-json\/wp\/v2\/tags?post=374087"}],"curies":[{"name":"wp","href":"https:\/\/api.w.org\/{rel}","templated":true}]}}