{"id":374157,"date":"2026-09-04T02:54:22","date_gmt":"2026-09-04T02:54:22","guid":{"rendered":"https:\/\/www.europesays.com\/at\/374157\/"},"modified":"2026-09-04T02:54:22","modified_gmt":"2026-09-04T02:54:22","slug":"frau-wollte-schanigarten-in-wien-margareten-nicht-verlassen-und-attackierte-polizisten","status":"publish","type":"post","link":"https:\/\/www.europesays.com\/at\/374157\/","title":{"rendered":"Frau wollte Schanigarten in Wien-Margareten nicht verlassen und attackierte Polizisten"},"content":{"rendered":"<p>Zu dem Vorfall kam es gegen 10.45 Uhr in Wien-Magareten. Als die Polizisten eintrafen, unterst\u00fctzend sie die Betreuenden der Einrichtung. Doch die Frau zeigte sich auch gegen\u00fcber den Beamten aggressiv und uneinsichtig. Als sie weggewiesen wurde, begann sie zu schreien. Au\u00dferdem trat und schlug sie in Richtung der Polizisten. Daher wurde sie vorl\u00e4ufig festgenommen.<\/p>\n","protected":false},"excerpt":{"rendered":"Zu dem Vorfall kam es gegen 10.45 Uhr in Wien-Magareten. Als die Polizisten eintrafen, unterst\u00fctzend sie die Betreuenden&hellip;\n","protected":false},"author":2,"featured_media":374158,"comment_status":"","ping_status":"","sticky":false,"template":"","format":"standard","meta":{"footnotes":"","_share_on_mastodon":"0"},"categories":[28],"tags":[46,56942,42,93676,44,566,37716,93677,93678,181,93679,182,8598],"class_list":["post-374157","post","type-post","status-publish","format-standard","has-post-thumbnail","category-wien","tag-at","tag-attackiert","tag-austria","tag-hausverbot","tag-oesterreich","tag-polizei-news","tag-polizisten","tag-schanigarten","tag-sozialeinrichtung","tag-vienna","tag-wegweisung","tag-wien","tag-wien-5-bezirk"],"share_on_mastodon":{"url":"https:\/\/pubeurope.com\/@at\/117210517515173652","error":""},"_links":{"self":[{"href":"https:\/\/www.europesays.com\/at\/wp-json\/wp\/v2\/posts\/374157","targetHints":{"allow":["GET"]}}],"collection":[{"href":"https:\/\/www.europesays.com\/at\/wp-json\/wp\/v2\/posts"}],"about":[{"href":"https:\/\/www.europesays.com\/at\/wp-json\/wp\/v2\/types\/post"}],"author":[{"embeddable":true,"href":"https:\/\/www.europesays.com\/at\/wp-json\/wp\/v2\/users\/2"}],"replies":[{"embeddable":true,"href":"https:\/\/www.europesays.com\/at\/wp-json\/wp\/v2\/comments?post=374157"}],"version-history":[{"count":0,"href":"https:\/\/www.europesays.com\/at\/wp-json\/wp\/v2\/posts\/374157\/revisions"}],"wp:featuredmedia":[{"embeddable":true,"href":"https:\/\/www.europesays.com\/at\/wp-json\/wp\/v2\/media\/374158"}],"wp:attachment":[{"href":"https:\/\/www.europesays.com\/at\/wp-json\/wp\/v2\/media?parent=374157"}],"wp:term":[{"taxonomy":"category","embeddable":true,"href":"https:\/\/www.europesays.com\/at\/wp-json\/wp\/v2\/categories?post=374157"},{"taxonomy":"post_tag","embeddable":true,"href":"https:\/\/www.europesays.com\/at\/wp-json\/wp\/v2\/tags?post=374157"}],"curies":[{"name":"wp","href":"https:\/\/api.w.org\/{rel}","templated":true}]}}