{"id":374178,"date":"2026-09-04T03:07:19","date_gmt":"2026-09-04T03:07:19","guid":{"rendered":"https:\/\/www.europesays.com\/at\/374178\/"},"modified":"2026-09-04T03:07:19","modified_gmt":"2026-09-04T03:07:19","slug":"mit-fahrgaesten-an-bord-selbstfahrender-e-bus-rollt-erstmals-durch-tirol-kronen-zeitung","status":"publish","type":"post","link":"https:\/\/www.europesays.com\/at\/374178\/","title":{"rendered":"Mit Fahrg\u00e4sten an Bord &#8211; Selbstfahrender E-Bus rollt erstmals durch Tirol &#8211; Kronen Zeitung"},"content":{"rendered":"<p><a href=\"https:\/\/news.google.com\/rss\/articles\/CBMiQkFVX3lxTE5JT1RwcGhVbXU2LTNieGZlRGZQTUpzNjA1VGo4b0RoMVNjTTRDdEp1eGQ5Z2tMd3cwOTRXaGh3LTlBdw?oc=5\" target=\"_blank\" rel=\"nofollow noopener\">Mit Fahrg\u00e4sten an Bord &#8211; Selbstfahrender E-Bus rollt erstmals durch Tirol<\/a>&nbsp;&nbsp;Kronen Zeitung<a href=\"https:\/\/news.google.com\/rss\/articles\/CBMiogFBVV95cUxQa1ZyVXd6Uk5GVlp2bnNLemtXTnVrM1BhMkNzd2VlV1RuMHI4MkZpNWJUUGRYOWFpd3d0c0VtSUhmUVItWEltUEtSWEZNWmV3NEFkTTZCcXo5ejlvVlZRR1NLckNLX0NuVWNFTVF3dTJNUTQzamFQWTcxWEdRamJlWGZPbFlLRVpDUHVfeE9WMEJpeVNnZndGSEhfTi1aVzk3WkE?oc=5\" target=\"_blank\" rel=\"nofollow noopener\">\u00d6BB setzen vollautomatisierten E-Bus erstmals in \u00d6sterreich ein<\/a>&nbsp;&nbsp;Bahnblogstelle<a href=\"https:\/\/news.google.com\/rss\/articles\/CBMirwFBVV95cUxPQm9DZmVRWVNIM19qTkZOeVowVjlDc3VOU29QY1pTZjI0WmNFcXZFV2k5cVEtVDBod2FOdEdYTWZLUkRHUUVQck56WUdVY3lNaUdqbkxGTmJjbTNvY3ZDTldLcVJCZ0ZFNEt6OGo0NFV0dDhLREJoV2ZkY3FxZUZHcUlPMndtc1hOV3hJUXF6TTI2MFU4ZkVwUnMyaG9QVE1hWUctRDBOLUIwNFhfWkI0?oc=5\" target=\"_blank\" rel=\"nofollow noopener\">\u00d6BB: Autonomer E-Bus feiert in Alpbach Premiere im Fahrgastbetrieb<\/a>&nbsp;&nbsp;MeinBezirk.at<a href=\"https:\/\/news.google.com\/rss\/articles\/CBMihgFBVV95cUxObmZDQ016NnJSdU5CWUljdm1tZ3ZzS1NjYllsN0dSTkc0dUFqT3NNZHl5V1REeUtOdFlPTWY4LWVKdUsybWhPNFRSQ2p5YWtmYUhtZU94Sl9wNlFqMlhMd2xhdG11anBELWE2dGlFcUYyUWxVWjBQWkJDdkwxNXgySEtWUkRIZw?oc=5\" target=\"_blank\" rel=\"nofollow noopener\">Vollautomatisierter E-Bus \u2013 mnews<\/a>&nbsp;&nbsp;medianet.at<a href=\"https:\/\/news.google.com\/rss\/articles\/CBMi2AFBVV95cUxOX3VFMVhwNmNVTmVieWg3bUxZekxZNU1uY05LSDc3Y096cjBVeDNaRUl4X0RPMlJGSm5LSjRCSjJqN2VLNUhwU3gyNy1KVG9GdVFBU1J6WjAxdkR4WHRqWmd2S3Y1UUM4ZlZVSDYxcmJxdDRWZHU5aVpDLVZ0U0Fzdng5R2ptWjVldDRRTlQwV3lmMjB3amRZMlpQbWJsd2hJSmFqZkxLdlBCTlBrbWZtZXRUaGswNXN0LVBPR003Y1pYZHNBSTkwdG9LSlVFTHNncEZsU0NDc0I?oc=5\" target=\"_blank\" rel=\"nofollow noopener\">Vollautomatisierter E-Bus von \u00d6BB Postbus in Tirol erstmals im Fahrgasteinsatz<\/a>&nbsp;&nbsp;presse-oebb.at<\/p>\n","protected":false},"excerpt":{"rendered":"Mit Fahrg\u00e4sten an Bord &#8211; Selbstfahrender E-Bus rollt erstmals durch Tirol&nbsp;&nbsp;Kronen Zeitung\u00d6BB setzen vollautomatisierten E-Bus erstmals in \u00d6sterreich&hellip;\n","protected":false},"author":2,"featured_media":374179,"comment_status":"","ping_status":"","sticky":false,"template":"","format":"standard","meta":{"footnotes":"","_share_on_mastodon":"0"},"categories":[6],"tags":[92574,21766,46,42,75,93682,93683,2365,47217,492,44,856,4499,43,45,362,11751],"class_list":["post-374178","post","type-post","status-publish","format-standard","has-post-thumbnail","category-oesterreich","tag-alpbach","tag-andreas-matthae","tag-at","tag-austria","tag-europa","tag-europaeischen-forum","tag-europaeischen-forums","tag-madrid","tag-neumarkt","tag-oebb","tag-oesterreich","tag-oesterreichischen","tag-predazzo","tag-republic-of-austria","tag-republik-oesterreich","tag-tirol","tag-tuerkischen"],"share_on_mastodon":{"url":"https:\/\/pubeurope.com\/@at\/117210568720384049","error":""},"_links":{"self":[{"href":"https:\/\/www.europesays.com\/at\/wp-json\/wp\/v2\/posts\/374178","targetHints":{"allow":["GET"]}}],"collection":[{"href":"https:\/\/www.europesays.com\/at\/wp-json\/wp\/v2\/posts"}],"about":[{"href":"https:\/\/www.europesays.com\/at\/wp-json\/wp\/v2\/types\/post"}],"author":[{"embeddable":true,"href":"https:\/\/www.europesays.com\/at\/wp-json\/wp\/v2\/users\/2"}],"replies":[{"embeddable":true,"href":"https:\/\/www.europesays.com\/at\/wp-json\/wp\/v2\/comments?post=374178"}],"version-history":[{"count":0,"href":"https:\/\/www.europesays.com\/at\/wp-json\/wp\/v2\/posts\/374178\/revisions"}],"wp:featuredmedia":[{"embeddable":true,"href":"https:\/\/www.europesays.com\/at\/wp-json\/wp\/v2\/media\/374179"}],"wp:attachment":[{"href":"https:\/\/www.europesays.com\/at\/wp-json\/wp\/v2\/media?parent=374178"}],"wp:term":[{"taxonomy":"category","embeddable":true,"href":"https:\/\/www.europesays.com\/at\/wp-json\/wp\/v2\/categories?post=374178"},{"taxonomy":"post_tag","embeddable":true,"href":"https:\/\/www.europesays.com\/at\/wp-json\/wp\/v2\/tags?post=374178"}],"curies":[{"name":"wp","href":"https:\/\/api.w.org\/{rel}","templated":true}]}}