{"id":374200,"date":"2026-09-04T03:23:12","date_gmt":"2026-09-04T03:23:12","guid":{"rendered":"https:\/\/www.europesays.com\/at\/374200\/"},"modified":"2026-09-04T03:23:12","modified_gmt":"2026-09-04T03:23:12","slug":"aenderungen-im-leitindex-rbi-steigt-in-elitaeren-kreis-der-fuenf-atx-schwergewichte-auf-leadersnet","status":"publish","type":"post","link":"https:\/\/www.europesays.com\/at\/374200\/","title":{"rendered":"\u00c4nderungen im Leitindex &#8211; RBI steigt in elit\u00e4ren Kreis der f\u00fcnf ATX-Schwergewichte auf \u00bb Leadersnet"},"content":{"rendered":"<p>Die halbj\u00e4hrliche \u00dcberpr\u00fcfung der heimischen Aktienindizes bringt mehrere \u00c4nderungen. Mayr-Melnhof kehrt nach einem Jahr in den Leitindex zur\u00fcck, w\u00e4hrend SBO ausscheidet.<\/p>\n<p>Nach einem Jahr Abwesenheit kehrt Mayr-Melnhof Karton in den \u00f6sterreichischen Leitindex ATX zur\u00fcck. Das hat die halbj\u00e4hrliche \u00dcberpr\u00fcfung der heimischen Indizes durch das Indexkomitee der Wiener B\u00f6rse ergeben. In Kraft treten die \u00c4nderungen mit\u00a021. September 2026.<\/p>\n<p>F\u00fcr Mayr-Melnhof muss der \u00d6lfeldausr\u00fcster SBO den ATX verlassen. Ausschlaggebend f\u00fcr die Zusammensetzung des Leitindex sind zwei quantitative Kriterien: der durchschnittliche t\u00e4gliche Aktienumsatz und die Streubesitz-Kapitalisierung, also der Wert der frei handelbaren Unternehmensanteile.<\/p>\n<p>RBI steigt in ATX five auf<\/p>\n<p>Auch an der Spitze des Leitindex gibt es eine Ver\u00e4nderung. Die Raiffeisen Bank International (RBI), <a href=\"https:\/\/www.leadersnet.at\/news\/95919,michael-hoellerer-wird-neuer-ceo-der-rbi.html\" target=\"_blank\" rel=\"noopener nofollow\">an deren Spitze seit Anfang Juli Michael H\u00f6llerer steht<\/a>,\u00a0wird k\u00fcnftig im ATX five vertreten sein. Dieser umfasst die f\u00fcnf am st\u00e4rksten gewichteten Aktien des heimischen Leitindex.<\/p>\n<p>Konkret nimmt die RBI dort den Platz der voestalpine ein. F\u00fcr die Bank bedeutet die Aufnahme damit den Aufstieg in den Kreis der f\u00fcnf Indexschwergewichte an der Wiener B\u00f6rse.<\/p>\n<p>Semperit verliert an Gewicht<\/p>\n<p>Eine weitere Anpassung betrifft Semperit. Deren Streubesitzfaktor wird von 0,4 auf 0,3 reduziert. Der Faktor bildet die Gewichtung der frei handelbaren Aktien eines Unternehmens in den Indizes der Wiener B\u00f6rse ab. Grunds\u00e4tzlich gilt: Je h\u00f6her der Streubesitz, desto st\u00e4rker kann eine Aktie im jeweiligen Index gewichtet werden.<\/p>\n<p>Turnusm\u00e4\u00dfige Aktualisierung<\/p>\n<p>Die Zusammensetzung der \u00f6sterreichischen Indizes wird jeweils im M\u00e4rz und September \u00fcberpr\u00fcft. Grundlage ist eine quantitative Methodik nach einem festgelegten Regelwerk. Die n\u00e4chste planm\u00e4\u00dfige \u00dcberpr\u00fcfung findet im M\u00e4rz 2027 statt, die Berechnungsparameter werden bereits im Dezember 2026 wieder aktualisiert.<\/p>\n<p><a href=\"https:\/\/www.wienerborse.at\/\" target=\"_blank\" rel=\"noopener nofollow\">www.wienerborse.at<\/a><\/p>\n","protected":false},"excerpt":{"rendered":"Die halbj\u00e4hrliche \u00dcberpr\u00fcfung der heimischen Aktienindizes bringt mehrere \u00c4nderungen. Mayr-Melnhof kehrt nach einem Jahr in den Leitindex zur\u00fcck,&hellip;\n","protected":false},"author":2,"featured_media":374201,"comment_status":"","ping_status":"","sticky":false,"template":"","format":"standard","meta":{"footnotes":"","_share_on_mastodon":"0"},"categories":[14],"tags":[82,46,1150,42,95,90,89,91,94,3917,44,16737,93,92,1153],"class_list":["post-374200","post","type-post","status-publish","format-standard","has-post-thumbnail","category-unternehmen-maerkte","tag-aktien","tag-at","tag-atx","tag-austria","tag-business","tag-companies","tag-companies-markets","tag-markets","tag-maerkte","tag-mayr-melnhof","tag-oesterreich","tag-rbi","tag-unternehmen","tag-unternehmen-maerkte","tag-wiener-boerse"],"share_on_mastodon":{"url":"https:\/\/pubeurope.com\/@at\/117210631737406908","error":""},"_links":{"self":[{"href":"https:\/\/www.europesays.com\/at\/wp-json\/wp\/v2\/posts\/374200","targetHints":{"allow":["GET"]}}],"collection":[{"href":"https:\/\/www.europesays.com\/at\/wp-json\/wp\/v2\/posts"}],"about":[{"href":"https:\/\/www.europesays.com\/at\/wp-json\/wp\/v2\/types\/post"}],"author":[{"embeddable":true,"href":"https:\/\/www.europesays.com\/at\/wp-json\/wp\/v2\/users\/2"}],"replies":[{"embeddable":true,"href":"https:\/\/www.europesays.com\/at\/wp-json\/wp\/v2\/comments?post=374200"}],"version-history":[{"count":0,"href":"https:\/\/www.europesays.com\/at\/wp-json\/wp\/v2\/posts\/374200\/revisions"}],"wp:featuredmedia":[{"embeddable":true,"href":"https:\/\/www.europesays.com\/at\/wp-json\/wp\/v2\/media\/374201"}],"wp:attachment":[{"href":"https:\/\/www.europesays.com\/at\/wp-json\/wp\/v2\/media?parent=374200"}],"wp:term":[{"taxonomy":"category","embeddable":true,"href":"https:\/\/www.europesays.com\/at\/wp-json\/wp\/v2\/categories?post=374200"},{"taxonomy":"post_tag","embeddable":true,"href":"https:\/\/www.europesays.com\/at\/wp-json\/wp\/v2\/tags?post=374200"}],"curies":[{"name":"wp","href":"https:\/\/api.w.org\/{rel}","templated":true}]}}