{"id":374206,"date":"2026-09-04T03:26:10","date_gmt":"2026-09-04T03:26:10","guid":{"rendered":"https:\/\/www.europesays.com\/at\/374206\/"},"modified":"2026-09-04T03:26:10","modified_gmt":"2026-09-04T03:26:10","slug":"drei-weitere-asylunterkuenfte-in-niederoesterreich-schliessen-vienna-at","status":"publish","type":"post","link":"https:\/\/www.europesays.com\/at\/374206\/","title":{"rendered":"Drei weitere Asylunterk\u00fcnfte in\u00a0Nieder\u00f6sterreich\u00a0schlie\u00dfen &#8211; VIENNA.AT"},"content":{"rendered":"<p>\u201eDass wir in\u00a0Nieder\u00f6sterreich\u00a0drei weitere Asylunterk\u00fcnfte schlie\u00dfen k\u00f6nnen, ist kein Zufall, sondern das Ergebnis der harten, konsequenten und damit gerechten Asylpolitik von Innenminister Gerhard Karner und der Volkspartei\u201c, konstatierte Matthias Zauner, Landesgesch\u00e4ftsf\u00fchrer der \u00d6VP\u00a0Nieder\u00f6sterreich,\u00a0in einer Aussendung. Dass sich nur rund 400 Asylwerber in Grundversorgung befinden, verdeutliche \u201eden Erfolg\u201c.<\/p>\n","protected":false},"excerpt":{"rendered":"\u201eDass wir in\u00a0Nieder\u00f6sterreich\u00a0drei weitere Asylunterk\u00fcnfte schlie\u00dfen k\u00f6nnen, ist kein Zufall, sondern das Ergebnis der harten, konsequenten und damit&hellip;\n","protected":false},"author":2,"featured_media":374207,"comment_status":"","ping_status":"","sticky":false,"template":"","format":"standard","meta":{"footnotes":"","_share_on_mastodon":"0"},"categories":[6],"tags":[41460,3470,46,42,50039,680,17691,622,5744,44,269,43,45,28555,93684,4296,182],"class_list":["post-374206","post","type-post","status-publish","format-standard","has-post-thumbnail","category-oesterreich","tag-antauer","tag-asyl","tag-at","tag-austria","tag-bruck-an-der-leitha","tag-fpoe","tag-neunkirchen","tag-niederoesterreich","tag-noe","tag-oesterreich","tag-politik","tag-republic-of-austria","tag-republik-oesterreich","tag-schliessen","tag-schottwien","tag-st-poelten","tag-wien"],"share_on_mastodon":{"url":"https:\/\/pubeurope.com\/@at\/117210643506510172","error":""},"_links":{"self":[{"href":"https:\/\/www.europesays.com\/at\/wp-json\/wp\/v2\/posts\/374206","targetHints":{"allow":["GET"]}}],"collection":[{"href":"https:\/\/www.europesays.com\/at\/wp-json\/wp\/v2\/posts"}],"about":[{"href":"https:\/\/www.europesays.com\/at\/wp-json\/wp\/v2\/types\/post"}],"author":[{"embeddable":true,"href":"https:\/\/www.europesays.com\/at\/wp-json\/wp\/v2\/users\/2"}],"replies":[{"embeddable":true,"href":"https:\/\/www.europesays.com\/at\/wp-json\/wp\/v2\/comments?post=374206"}],"version-history":[{"count":0,"href":"https:\/\/www.europesays.com\/at\/wp-json\/wp\/v2\/posts\/374206\/revisions"}],"wp:featuredmedia":[{"embeddable":true,"href":"https:\/\/www.europesays.com\/at\/wp-json\/wp\/v2\/media\/374207"}],"wp:attachment":[{"href":"https:\/\/www.europesays.com\/at\/wp-json\/wp\/v2\/media?parent=374206"}],"wp:term":[{"taxonomy":"category","embeddable":true,"href":"https:\/\/www.europesays.com\/at\/wp-json\/wp\/v2\/categories?post=374206"},{"taxonomy":"post_tag","embeddable":true,"href":"https:\/\/www.europesays.com\/at\/wp-json\/wp\/v2\/tags?post=374206"}],"curies":[{"name":"wp","href":"https:\/\/api.w.org\/{rel}","templated":true}]}}