{"id":374212,"date":"2026-09-04T03:31:24","date_gmt":"2026-09-04T03:31:24","guid":{"rendered":"https:\/\/www.europesays.com\/at\/374212\/"},"modified":"2026-09-04T03:31:24","modified_gmt":"2026-09-04T03:31:24","slug":"bodenschatz-im-tummelplatz-blinder-fleck-der-stadtgeschichte-stadtportal-der-landeshauptstadt-graz","status":"publish","type":"post","link":"https:\/\/www.europesays.com\/at\/374212\/","title":{"rendered":"Bodenschatz im Tummelplatz \u2013 blinder Fleck der Stadtgeschichte\u00a0&#8211;\u00a0Stadtportal der Landeshauptstadt Graz"},"content":{"rendered":"<p>Beim Umbau am Tummelplatz sind Fundamente der sp\u00e4tmittelalterlichen Stadtbefestigung samt Basteiturm zum Vorschein gekommen. Der Fund k\u00f6nnte eine L\u00fccke im Wissen \u00fcber den Verlauf der alten Grazer Stadtmauer schlie\u00dfen.<\/p>\n<p>Zwischen modernen Leitungen und einem Kanal aus den 1920er-Jahren tauchen in der Baugrube vor dem Akademischen Gymnasium pl\u00f6tzlich Steine auf, die seit Jahrhunderten im Boden liegen. Was auf den ersten Blick wenig spektakul\u00e4r aussieht, ist f\u00fcr die Arch\u00e4olog:innen eine besondere Entdeckung.<\/p>\n<p>\u201eBei den freigelegten Mauerresten d\u00fcrfte es sich um Fundamente der sp\u00e4tmittelalterlichen Stadtbefestigung samt Basteiturm handeln. Wir ordnen sie dem Sp\u00e4tmittelalter des 14. bis 15. Jahrhunderts zu&#8220;, erkl\u00e4rt Ortrun K\u00f6gler, Grabungsleiterin von archnet, die die arch\u00e4ologische Baubegleitung haben.<\/p>\n<p>V\u00f6llig unerwartet kam der Fund nicht. Auf alten Ansichten und Pl\u00e4nen ist in diesem Bereich eine turmartige Verst\u00e4rkung zu erkennen, die in das Dominikanerinnenkloster integriert war. Wie weit die mittelalterliche Stadtmauer im Osten von Graz tats\u00e4chlich verlief, war bisher allerdings nicht eindeutig gekl\u00e4rt.<\/p>\n<p>\u201eDie erhaltenen historischen Aufzeichnungen, Grundrisse und Pl\u00e4ne sind vermutlich j\u00fcnger als die Mauern, die wir hier gefunden haben. Dieser Bereich war f\u00fcr uns deshalb eine Art blinder Fleck&#8220;,\u00a0so K\u00f6gler weiter.\u00a0<\/p>\n","protected":false},"excerpt":{"rendered":"Beim Umbau am Tummelplatz sind Fundamente der sp\u00e4tmittelalterlichen Stadtbefestigung samt Basteiturm zum Vorschein gekommen. Der Fund k\u00f6nnte eine&hellip;\n","protected":false},"author":2,"featured_media":374213,"comment_status":"","ping_status":"","sticky":false,"template":"","format":"standard","meta":{"footnotes":"","_share_on_mastodon":"0"},"categories":[29],"tags":[5634,93685,46,42,183,44,555,554,9264],"class_list":["post-374212","post","type-post","status-publish","format-standard","has-post-thumbnail","category-graz","tag-archaeologie","tag-archaeologische-baubegleitung","tag-at","tag-austria","tag-graz","tag-oesterreich","tag-portal-der-stadt-graz","tag-stadt-graz","tag-tummelplatz"],"share_on_mastodon":{"url":"https:\/\/pubeurope.com\/@at\/117210663066112929","error":""},"_links":{"self":[{"href":"https:\/\/www.europesays.com\/at\/wp-json\/wp\/v2\/posts\/374212","targetHints":{"allow":["GET"]}}],"collection":[{"href":"https:\/\/www.europesays.com\/at\/wp-json\/wp\/v2\/posts"}],"about":[{"href":"https:\/\/www.europesays.com\/at\/wp-json\/wp\/v2\/types\/post"}],"author":[{"embeddable":true,"href":"https:\/\/www.europesays.com\/at\/wp-json\/wp\/v2\/users\/2"}],"replies":[{"embeddable":true,"href":"https:\/\/www.europesays.com\/at\/wp-json\/wp\/v2\/comments?post=374212"}],"version-history":[{"count":0,"href":"https:\/\/www.europesays.com\/at\/wp-json\/wp\/v2\/posts\/374212\/revisions"}],"wp:featuredmedia":[{"embeddable":true,"href":"https:\/\/www.europesays.com\/at\/wp-json\/wp\/v2\/media\/374213"}],"wp:attachment":[{"href":"https:\/\/www.europesays.com\/at\/wp-json\/wp\/v2\/media?parent=374212"}],"wp:term":[{"taxonomy":"category","embeddable":true,"href":"https:\/\/www.europesays.com\/at\/wp-json\/wp\/v2\/categories?post=374212"},{"taxonomy":"post_tag","embeddable":true,"href":"https:\/\/www.europesays.com\/at\/wp-json\/wp\/v2\/tags?post=374212"}],"curies":[{"name":"wp","href":"https:\/\/api.w.org\/{rel}","templated":true}]}}