{"id":374216,"date":"2026-09-04T03:35:16","date_gmt":"2026-09-04T03:35:16","guid":{"rendered":"https:\/\/www.europesays.com\/at\/374216\/"},"modified":"2026-09-04T03:35:16","modified_gmt":"2026-09-04T03:35:16","slug":"annemarie-wendl-20-jahre-ohne-den-lindenstrasse-star","status":"publish","type":"post","link":"https:\/\/www.europesays.com\/at\/374216\/","title":{"rendered":"Annemarie Wendl: 20 Jahre ohne den &#8222;Lindenstra\u00dfe&#8220;-Star"},"content":{"rendered":"<p>\nElse Kling bleibt unvergessen\n<\/p>\n<p>Aktualisiert am 04.09.2026, 04:10 Uhr\n<\/p>\n<p><a href=\"https:\/\/i0.web.de\/image\/668\/42682668,pd=1\/annemarie-wendl-schrieb-rolle-lindenstrasse-fernse.jpg\" data-brain-zone=\".42682666.content.lead.1\" data-component-path=\"content.lead.1\" data-component-name=\"article-image\" rel=\"nofollow noopener\" target=\"_blank\"> <\/p>\n<p><img loading=\"lazy\" decoding=\"async\" src=\"https:\/\/www.europesays.com\/at\/wp-content\/uploads\/2026\/09\/annemarie-wendl-schrieb-rolle-lindenstrasse-fernse.jpg\" alt=\"Annemarie Wendl schrieb mit ihrer Rolle in der &quot;Lindenstra\u00dfe&quot; Fernsehgeschichte.\" width=\"950\" height=\"534\"\/><\/p>\n<p><\/a> <\/p>\n<p>\nAnnemarie Wendl schrieb mit ihrer Rolle in der &#8222;Lindenstra\u00dfe&#8220; Fernsehgeschichte.<br \/>\n\u00a9\u00a0imago\/APress\n<\/p>\n<p class=\"content__description\" data-speakable=\"\">Mehr als zwei Jahrzehnte pr\u00e4gte Annemarie Wendl als Else Kling die &#8222;Lindenstra\u00dfe&#8220; und wurde zur Kultfigur. Auch 20 Jahre nach ihrem Tod ist die Schauspielerin in ihrer Paraderolle unvergessen.<\/p>\n<p data-speakable=\"\">&#8222;Sodom und Gomera&#8220; &#8211; wer die &#8222;<a data-component-name=\"link.semantic\" data-brain-zone=\".42682666.content.textlink_1\" data-component-path=\"content.textlink_1\" href=\"https:\/\/web.de\/magazine\/unterhaltung\/thema\/lindenstrasse\" rel=\"nofollow noopener\" target=\"_blank\">Lindenstra\u00dfe<\/a>&#8220; \u00fcber viele Jahre verfolgt hat, d\u00fcrfte bei diesen Worten sofort eine ganz bestimmte Stimme im Ohr haben. Mit strengem Blick, Sch\u00fcrze und Putzeimer wachte Else Kling \u00fcber Sitte, Ordnung und vor allem \u00fcber ihre Nachbarn. Verk\u00f6rpert wurde sie von Annemarie Wendl. Am 3. September 2026 j\u00e4hrt sich der Tod der Schauspielerin zum 20. Mal. Sie starb 2006 im Alter von 91 Jahren in M\u00fcnchen an Herzversagen.<\/p>\n<p data-speakable=\"\">Auch zwei Jahrzehnte nach Wendls Tod ist ihr Name untrennbar mit jener Rolle verbunden, die sie im hohen Alter noch einmal einem Millionenpublikum bekannt machte. Vom Start der &#8222;Lindenstra\u00dfe&#8220; am 8. Dezember 1985 an geh\u00f6rte Else Kling zum festen Inventar des ARD-Dauerbrenners. Mehr als 20 Jahre mischte sie sich in das Leben der Bewohner ein, kontrollierte Hausflure und Briefk\u00e4sten und kommentierte mit Vorliebe all das, was ihrer Vorstellung von Anstand widersprach.<\/p>\n<p>Mit Sch\u00fcrze, Putzeimer und scharfem Mundwerk<\/p>\n<p data-speakable=\"\">Else Kling war neugierig, streng katholisch, konservativ und selten um eine bissige Bemerkung verlegen. Gemeinsam mit ihrem gutm\u00fctigen Ehemann Egon (Wolfgang Gr\u00f6nebaum) lebte sie im Haus Nummer 3, wo das Ehepaar zun\u00e4chst als Hausmeister t\u00e4tig war. Was hinter den T\u00fcren ihrer Nachbarn geschah, ging Else nach eigener Auffassung selbstverst\u00e4ndlich auch etwas an. Vor ihrem Urteil war kaum jemand sicher.<\/p>\n<p>&#8222;Wenn&#8217;s schee macht&#8220;<\/p>\n<p data-speakable=\"\">Wie sehr Wendl und ihre Rolle miteinander verschmolzen, zeigte sich auch au\u00dferhalb der &#8222;Lindenstra\u00dfe&#8220;. In den 1990er-Jahren war die Schauspielerin als Else Kling in einem Buttermilch-Werbespot zu sehen. Ihr trockener Ausspruch &#8222;Wenn&#8217;s schee macht&#8220; wurde zum gefl\u00fcgelten Wort und ist bis heute mit ihr verbunden.<\/p>\n<p data-speakable=\"\">Dabei hatte Wendl l\u00e4ngst eine Schauspielkarriere hinter sich, bevor sie als Else Kling zum Fernsehstar wurde. Geboren wurde sie am 26. Dezember 1914 im oberbayerischen Trostberg. Ihre Schauspielausbildung absolvierte sie in Berlin bei Lucie H\u00f6flich. Doch erst die &#8222;Lindenstra\u00dfe&#8220;, die Wendl bereits \u00fcber 70-j\u00e4hrig begann, machte sie bundesweit zur Kultfigur.<\/p>\n<p>Ein Abschied, wie ihn nur Else Kling bekommen konnte<\/p>\n<p data-speakable=\"\">Im Dezember 2005 gab Wendl aus gesundheitlichen Gr\u00fcnden ihren Abschied von der &#8222;Lindenstra\u00dfe&#8220; bekannt. Die Verantwortlichen lie\u00dfen ihre Figur daraufhin nicht einfach verschwinden, sondern bereiteten ihr einen der wohl ungew\u00f6hnlichsten Serientode der deutschen Fernsehgeschichte.<\/p>\n<p data-speakable=\"\">In Folge 1069, &#8222;Abschied und Ankunft&#8220;, die am 28. Mai 2006 ausgestrahlt wurde, blieb Else allein in ihrer Wohnung zur\u00fcck, w\u00e4hrend Sohn Olaf (Franz Rampelmann) und Schwiegertochter Ines (Birgitta Weizenegger) verreisten. Sie machte sich h\u00fcbsch, bl\u00e4tterte in alten Fotoalben und lie\u00df ihr Leben in der Lindenstra\u00dfe Revue passieren. Um 18:50 Uhr schaltete sie schlie\u00dflich den Fernseher ein, um ihre Lieblingsserie zu sehen &#8211; die &#8222;Lindenstra\u00dfe&#8220;.<\/p>\n<p data-speakable=\"\">Dann h\u00f6rte Else eine Stimme, die nach ihr rief. Gesprochen wurde sie von &#8222;Lindenstra\u00dfe&#8220;-Erfinder Hans W. Gei\u00dfend\u00f6rfer (85) selbst. Else folgte ihr zur Wohnungst\u00fcr und ging hinaus ins helle Licht. Selbst auf dem Weg ins Jenseits blieb sie ihrem Charakter treu und beschwerte sich dar\u00fcber, dass sie ihre Lieblingsserie nicht mehr zu Ende sehen konnte. In der folgenden Episode trauerte die gesamte Hausgemeinschaft. Mit Else Kling hatte die Lindenstra\u00dfe ein echtes Original verloren.<\/p>\n<p>Annemarie Wendl starb nur wenige Monate sp\u00e4ter<\/p>\n<p data-speakable=\"\">Nur gut drei Monate nach der Ausstrahlung ihres Serientodes starb auch Annemarie Wendl. Die &#8222;Lindenstra\u00dfe&#8220; lief danach noch fast 14 Jahre weiter, bis im M\u00e4rz 2020 schlie\u00dflich Schluss war. Hoffnungen, die Kultserie k\u00f6nnte bei einem Streaminganbieter eine neue Heimat finden, erf\u00fcllten sich nicht. Sch\u00f6pfer Hans W. Gei\u00dfend\u00f6rfer schloss eine Fortsetzung damals aus: &#8222;Die &#8218;Lindenstra\u00dfe&#8216; geh\u00f6rt zur <a data-component-name=\"link.semantic\" data-brain-zone=\".42682666.content.textlink_2\" data-component-path=\"content.textlink_2\" href=\"https:\/\/web.de\/magazine\/wirtschaft\/thema\/ard\" rel=\"nofollow noopener\" target=\"_blank\">ARD<\/a>, und wenn es vorbei ist, ist es eben vorbei. Alles, was gut ist, hat auch mal ein Ende.&#8220;<\/p>\n<p>Empfehlungen der Redaktion<\/p>\n<p data-speakable=\"\">Ganz verschwunden ist die Serie allerdings nicht: Seit 2024 stehen alle 1.758 Folgen bei ARD Plus zum Abruf bereit. Damit k\u00f6nnen Fans auch Annemarie Wendl als Else Kling noch einmal von ihren Anf\u00e4ngen bis zu ihrem Abschied erleben. (obr\/spot)\u00a0<br \/>\n\u00a9 1&amp;1 Mail &amp; Media\/spot on news<\/p>\n","protected":false},"excerpt":{"rendered":"Else Kling bleibt unvergessen Aktualisiert am 04.09.2026, 04:10 Uhr Annemarie Wendl schrieb mit ihrer Rolle in der &#8222;Lindenstra\u00dfe&#8220;&hellip;\n","protected":false},"author":2,"featured_media":374217,"comment_status":"","ping_status":"","sticky":false,"template":"","format":"standard","meta":{"footnotes":"","_share_on_mastodon":"0"},"categories":[25],"tags":[93686,2608,46,42,93687,147,57742,44,86329,156,155,148],"class_list":["post-374216","post","type-post","status-publish","format-standard","has-post-thumbnail","category-serien","tag-annemarie-wendl","tag-ard","tag-at","tag-austria","tag-else-kling","tag-entertainment","tag-lindenstrasse","tag-oesterreich","tag-paraderolle","tag-serien","tag-series","tag-unterhaltung"],"share_on_mastodon":{"url":"https:\/\/pubeurope.com\/@at\/117210679434467609","error":""},"_links":{"self":[{"href":"https:\/\/www.europesays.com\/at\/wp-json\/wp\/v2\/posts\/374216","targetHints":{"allow":["GET"]}}],"collection":[{"href":"https:\/\/www.europesays.com\/at\/wp-json\/wp\/v2\/posts"}],"about":[{"href":"https:\/\/www.europesays.com\/at\/wp-json\/wp\/v2\/types\/post"}],"author":[{"embeddable":true,"href":"https:\/\/www.europesays.com\/at\/wp-json\/wp\/v2\/users\/2"}],"replies":[{"embeddable":true,"href":"https:\/\/www.europesays.com\/at\/wp-json\/wp\/v2\/comments?post=374216"}],"version-history":[{"count":0,"href":"https:\/\/www.europesays.com\/at\/wp-json\/wp\/v2\/posts\/374216\/revisions"}],"wp:featuredmedia":[{"embeddable":true,"href":"https:\/\/www.europesays.com\/at\/wp-json\/wp\/v2\/media\/374217"}],"wp:attachment":[{"href":"https:\/\/www.europesays.com\/at\/wp-json\/wp\/v2\/media?parent=374216"}],"wp:term":[{"taxonomy":"category","embeddable":true,"href":"https:\/\/www.europesays.com\/at\/wp-json\/wp\/v2\/categories?post=374216"},{"taxonomy":"post_tag","embeddable":true,"href":"https:\/\/www.europesays.com\/at\/wp-json\/wp\/v2\/tags?post=374216"}],"curies":[{"name":"wp","href":"https:\/\/api.w.org\/{rel}","templated":true}]}}