{"id":374218,"date":"2026-09-04T03:36:24","date_gmt":"2026-09-04T03:36:24","guid":{"rendered":"https:\/\/www.europesays.com\/at\/374218\/"},"modified":"2026-09-04T03:36:24","modified_gmt":"2026-09-04T03:36:24","slug":"max-giesinger-live-in-bremerhaven-2026","status":"publish","type":"post","link":"https:\/\/www.europesays.com\/at\/374218\/","title":{"rendered":"Max Giesinger live in Bremerhaven 2026"},"content":{"rendered":"<p>Der S\u00e4nger kommt f\u00fcr ein Open-Air-Konzert nach Bremerhaven. Fans erwartet ein Sommerabend mit bekannten Liedern, neuen Sounds und pers\u00f6nlichen Geschichten aus seiner Karriere. <\/p>\n<p>Max Giesinger kommt nach Bremerhaven: <a href=\"https:\/\/www.bremerhaven.de\/de\/veranstaltungen\/max-giesinger.172546.html\" target=\"_blank\" rel=\"noopener nofollow\" title=\"Max Giesinger Open Air Konzert\">Am Freitag, 4. September, tritt der S\u00e4nger Open Air an der Stadthalle auf<\/a>. Das Konzert beginnt um 20 Uhr auf dem Gel\u00e4nde am Wilhelm-Kaisen-Platz. <\/p>\n<p>Giesinger wurde mit Liedern wie \u201e80 Millionen\u201c und \u201eWenn sie tanzt\u201c bekannt. In Bremerhaven pr\u00e4sentiert er auch Songs aus seinem neuen Album \u201eGl\u00fcck auf den Stra\u00dfen\u201c. Der Titelsong verbindet laut Veranstalter neue Sounds mit der Leichtigkeit eines sommerlichen Roadtrips. <\/p>\n<p>            &#13;<br \/>\n              Max Giesinger blickt auf seine Karriere zur\u00fcck <\/p>\n<p>Der Auftritt in Bremerhaven f\u00e4llt in ein besonderes Jahr f\u00fcr den S\u00e4nger: 2026 j\u00e4hrt sich die Ver\u00f6ffentlichung seiner erfolgreichen Single \u201e80 Millionen\u201c zum zehnten Mal. Auch das Album \u201eDer Junge, der rennt\u201c, das ihm zum Durchbruch verhalf, feiert sein zehnj\u00e4hriges Bestehen. <\/p>\n<p>In seiner Karriere hat Giesinger nach <a href=\"https:\/\/www.bremerhaven.de\/de\/veranstaltungen\/max-giesinger.172546.html\" target=\"_blank\" rel=\"noopener nofollow\" title=\"Max Giesinger Open Air Konzert\">Angaben der Stadt<\/a> bereits mehr als 800 Konzerte gespielt. Dazu kamen Auftritte im Fernsehen, seine Teilnahme an \u201eSing meinen Song\u201c und seine Arbeit als Coach bei \u201eThe Voice Kids\u201c. <\/p>\n<p>Diese Songs und Themen geh\u00f6ren zum Konzertabend <\/p>\n<p>Das Publikum kann sich auf eine Mischung aus bekannten Hits und neuen Liedern freuen: <\/p>\n<p>\u201e80 Millionen\u201c\u201eWenn sie tanzt\u201cSongs vom Album \u201eGl\u00fcck auf den Stra\u00dfen\u201cpers\u00f6nliche Geschichten aus Giesingers musikalischem Wegsommerliche Popmusik unter freiem Himmel<\/p>\n<p>Das neue Album nimmt die Zuh\u00f6rer mit auf eine musikalische Reise zu den Urspr\u00fcngen seiner Motivation, Musik zu machen. Gleichzeitig soll der Abend an die Lieder erinnern, mit denen Giesinger vor zehn Jahren seinen Durchbruch feierte. <\/p>\n<p>Konzert findet auf dem Open-Air-Gel\u00e4nde an der Stadthalle statt <\/p>\n<p>Veranstaltungsort ist das Open-Air-Gel\u00e4nde an der Stadthalle Bremerhaven am Wilhelm-Kaisen-Platz 1. Einlass- und Beginnzeiten sollten Besucher vor der Anreise noch einmal beim Veranstalter pr\u00fcfen. Das Konzert ist als Open-Air-Veranstaltung geplant. <\/p>\n<p>Tickets kosten 57,45 Euro <\/p>\n<p>Tickets gibt es laut Veranstaltungsseite ab 57,45 Euro. Karten sind unter anderem erh\u00e4ltlich: <\/p>\n<p>im Ticket-Center der Stadthalle Bremerhaventelefonisch unter <a href=\"https:\/\/www.nord24.de\/bremerhaven\/tel:04715917590\" target=\"_blank\" rel=\"noopener nofollow\" title=\"Telefonnummer\">0471\/5917590<\/a>\u00fcber den Ticketanbieter <a href=\"https:\/\/www.ticketmaster.de\/event\/43389512?brand=de_nwt&amp;camefrom=GLSNWT_Stadthalle_Bremerhaven&amp;language=de-de&amp;subchannel_id=10107&amp;track=DiscoveryAPI\" target=\"_blank\" rel=\"noopener nofollow\" title=\"Ticketmaster\">Ticketmaster<\/a>an bekannten Vorverkaufsstellen<\/p>\n<p>Das Ticket-Center der Stadthalle hat w\u00e4hrend der Sommer\u00f6ffnungszeiten montags und mittwochs von 8 bis 16 Uhr sowie freitags von 8 bis 13 Uhr ge\u00f6ffnet. <\/p>\n","protected":false},"excerpt":{"rendered":"Der S\u00e4nger kommt f\u00fcr ein Open-Air-Konzert nach Bremerhaven. Fans erwartet ein Sommerabend mit bekannten Liedern, neuen Sounds und&hellip;\n","protected":false},"author":2,"featured_media":374219,"comment_status":"","ping_status":"","sticky":false,"template":"","format":"standard","meta":{"footnotes":"","_share_on_mastodon":"0"},"categories":[24],"tags":[46,42,44122,147,32985,786,9473,153,154,7851,44,93688,148,777],"class_list":["post-374218","post","type-post","status-publish","format-standard","has-post-thumbnail","category-musik","tag-at","tag-austria","tag-bremerhaven","tag-entertainment","tag-gesang","tag-konzert","tag-max-giesinger","tag-music","tag-musik","tag-open-air","tag-oesterreich","tag-stadthalle-bremerhaven","tag-unterhaltung","tag-veranstaltungen"],"share_on_mastodon":{"url":"https:\/\/pubeurope.com\/@at\/117210682873262052","error":""},"_links":{"self":[{"href":"https:\/\/www.europesays.com\/at\/wp-json\/wp\/v2\/posts\/374218","targetHints":{"allow":["GET"]}}],"collection":[{"href":"https:\/\/www.europesays.com\/at\/wp-json\/wp\/v2\/posts"}],"about":[{"href":"https:\/\/www.europesays.com\/at\/wp-json\/wp\/v2\/types\/post"}],"author":[{"embeddable":true,"href":"https:\/\/www.europesays.com\/at\/wp-json\/wp\/v2\/users\/2"}],"replies":[{"embeddable":true,"href":"https:\/\/www.europesays.com\/at\/wp-json\/wp\/v2\/comments?post=374218"}],"version-history":[{"count":0,"href":"https:\/\/www.europesays.com\/at\/wp-json\/wp\/v2\/posts\/374218\/revisions"}],"wp:featuredmedia":[{"embeddable":true,"href":"https:\/\/www.europesays.com\/at\/wp-json\/wp\/v2\/media\/374219"}],"wp:attachment":[{"href":"https:\/\/www.europesays.com\/at\/wp-json\/wp\/v2\/media?parent=374218"}],"wp:term":[{"taxonomy":"category","embeddable":true,"href":"https:\/\/www.europesays.com\/at\/wp-json\/wp\/v2\/categories?post=374218"},{"taxonomy":"post_tag","embeddable":true,"href":"https:\/\/www.europesays.com\/at\/wp-json\/wp\/v2\/tags?post=374218"}],"curies":[{"name":"wp","href":"https:\/\/api.w.org\/{rel}","templated":true}]}}