{"id":374222,"date":"2026-09-04T03:38:21","date_gmt":"2026-09-04T03:38:21","guid":{"rendered":"https:\/\/www.europesays.com\/at\/374222\/"},"modified":"2026-09-04T03:38:21","modified_gmt":"2026-09-04T03:38:21","slug":"george-clooney-im-mittelpunkt-der-eroeffnungsgala-von-venedig","status":"publish","type":"post","link":"https:\/\/www.europesays.com\/at\/374222\/","title":{"rendered":"George Clooney im Mittelpunkt der Er\u00f6ffnungsgala von Venedig"},"content":{"rendered":"<p>        <img decoding=\"async\" src=\"https:\/\/www.europesays.com\/at\/wp-content\/uploads\/2026\/09\/63690011494847932_BLD_Online.jpg\" data-fullscreen-src=\"https:\/\/www.noen.at\/image\/3840x0-jpg\/6610367\/63690011494847932_BLD_Online.jpg\" bad-src=\"https:\/\/www.europesays.com\/at\/wp-content\/uploads\/2026\/09\/63690011494847932_BLD_Online.jpg\" data-teaser-member=\"image\" alt=\"Clooney und sein Goldener L\u00f6we\"\/><\/p>\n<p>\n                Clooney und sein Goldener L\u00f6we            <\/p>\n<p>\n                Foto:<br \/>\n                APA\/dpa                            <\/p>\n<p>\n        Er wird in Venedig zur Legende erkl\u00e4rt, mit altem Gouda verglichen und von Fans umjubelt: Mit der Ehrung von Hollywood-Star George Clooney sind die 83. Filmfestspiele Venedig am Mittwochabend er\u00f6ffnet worden.\u00a0Der 65-J\u00e4hrige erhielt bei der Er\u00f6ffnungsgala den Goldenen L\u00f6wen f\u00fcr sein Lebenswerk. Seine Schauspiel-Kollegin und Freundin Laura Dern w\u00fcrdigte ihn in ihrer Laudatio als herausragenden Filmemacher und Aktivist. &#8222;Uns wurde eine Legende geschenkt&#8220;, sagte sie.\u00a0    <\/p>\n<p>Brad Pitt: &#8222;Er altert so w\u00fcrdevoll wie ein alter Gouda&#8220;\u00a0<\/p>\n","protected":false},"excerpt":{"rendered":"Clooney und sein Goldener L\u00f6we Foto: APA\/dpa Er wird in Venedig zur Legende erkl\u00e4rt, mit altem Gouda verglichen&hellip;\n","protected":false},"author":2,"featured_media":374223,"comment_status":"","ping_status":"","sticky":false,"template":"","format":"standard","meta":{"footnotes":"","_share_on_mastodon":"0"},"categories":[22],"tags":[277,46,42,147,3328,1012,152,14099,2178,44,148],"class_list":["post-374222","post","type-post","status-publish","format-standard","has-post-thumbnail","category-unterhaltung","tag-_apafeed","tag-at","tag-austria","tag-entertainment","tag-filmfestival","tag-italien","tag-kino","tag-kinobranche","tag-leute","tag-oesterreich","tag-unterhaltung"],"share_on_mastodon":{"url":"https:\/\/pubeurope.com\/@at\/117210690919659929","error":""},"_links":{"self":[{"href":"https:\/\/www.europesays.com\/at\/wp-json\/wp\/v2\/posts\/374222","targetHints":{"allow":["GET"]}}],"collection":[{"href":"https:\/\/www.europesays.com\/at\/wp-json\/wp\/v2\/posts"}],"about":[{"href":"https:\/\/www.europesays.com\/at\/wp-json\/wp\/v2\/types\/post"}],"author":[{"embeddable":true,"href":"https:\/\/www.europesays.com\/at\/wp-json\/wp\/v2\/users\/2"}],"replies":[{"embeddable":true,"href":"https:\/\/www.europesays.com\/at\/wp-json\/wp\/v2\/comments?post=374222"}],"version-history":[{"count":0,"href":"https:\/\/www.europesays.com\/at\/wp-json\/wp\/v2\/posts\/374222\/revisions"}],"wp:featuredmedia":[{"embeddable":true,"href":"https:\/\/www.europesays.com\/at\/wp-json\/wp\/v2\/media\/374223"}],"wp:attachment":[{"href":"https:\/\/www.europesays.com\/at\/wp-json\/wp\/v2\/media?parent=374222"}],"wp:term":[{"taxonomy":"category","embeddable":true,"href":"https:\/\/www.europesays.com\/at\/wp-json\/wp\/v2\/categories?post=374222"},{"taxonomy":"post_tag","embeddable":true,"href":"https:\/\/www.europesays.com\/at\/wp-json\/wp\/v2\/tags?post=374222"}],"curies":[{"name":"wp","href":"https:\/\/api.w.org\/{rel}","templated":true}]}}