{"id":374226,"date":"2026-09-04T03:40:16","date_gmt":"2026-09-04T03:40:16","guid":{"rendered":"https:\/\/www.europesays.com\/at\/374226\/"},"modified":"2026-09-04T03:40:16","modified_gmt":"2026-09-04T03:40:16","slug":"wegen-messi-in-argentinien-werden-bis-in-die-unterste-liga-alle-spiele-unterbrochen","status":"publish","type":"post","link":"https:\/\/www.europesays.com\/at\/374226\/","title":{"rendered":"Wegen Messi: In Argentinien werden bis in die unterste Liga alle Spiele unterbrochen"},"content":{"rendered":"<p>Der argentinische Verband legt den Fu\u00dfball f\u00fcr eine Hommage lahm \u2013 jede Partie h\u00e4lt nach zehn Minuten inne und feiert Lionel Messi, der von einer Entscheidung spricht, die ihm \u201ein der Seele wehgetan\u201c hat.<\/p>\n<p class=\"c-inline-alert__description\">Klicken Sie hier, um sich Artikel von WELT in der Google-Suche bevorzugt anzeigen zu lassen.<\/p>\n<p class=\"is-first-paragraph\" data-external=\"Article.FirstParagraph\">Hommage an <a class=\"is-link c-block-items__link c-link--rich-text-renderer\" href=\"https:\/\/www.welt.de\/themen\/lionel-messi\/\" data-internal-tracking-enabled=\"true\" data-internal-tracking=\"{&quot;action&quot;:&quot;click&quot;,&quot;label&quot;:&quot;link&quot;,&quot;name&quot;:&quot;Inline Element&quot;,&quot;data&quot;:{&quot;source&quot;:&quot;&quot;,&quot;target&quot;:&quot;https:\/\/www.welt.de\/themen\/lionel-messi\/&quot;,&quot;trackingName&quot;:&quot;&quot;,&quot;trackingLabel&quot;:&quot;&quot;}}\" rel=\"nofollow noopener\" target=\"_blank\">Lionel Messi<\/a>: In allen argentinischen Ligen sollen die Partien am n\u00e4chsten Spieltag f\u00fcr eine Ehrung des Fu\u00dfball-Superstars unterbrochen werden. Verbandspr\u00e4sident Claudio Tapia k\u00fcndigte an, dass die Spiele s\u00e4mtlicher M\u00e4nner- und Frauenwettbewerbe nach zehn Minuten gestoppt werden sollen, \u201eum mit einer Minute Applaus, die Karriere von Lionel Messi in der argentinischen Nationalmannschaft zu w\u00fcrdigen und zu ehren\u201c. Messi trug auch in der Auswahl die Nummer 10.<\/p>\n<p>Zudem soll in den Stadien, die \u00fcber Bildschirme verf\u00fcgen, vor Beginn der Spiele das Imagevideo des Verbandes gezeigt werden, hie\u00df es in einer offiziellen Verlautbarung des Verbandes.<\/p>\n<p>Messi hatte in dieser Woche seinen R\u00fccktritt aus der Albiceleste bekanntgegeben. Damit endet eine \u00c4ra im Fu\u00dfball: Rund 21 Jahre spielte der achtmalige Weltfu\u00dfballer f\u00fcr Argentinien. \u201eEs war eine Entscheidung, die mir in der Seele wehgetan hat und immer noch wehtut, aber ich verstehe, dass es an der Zeit ist\u201c, hatte Messi erkl\u00e4rt.<\/p>\n<p>Der 39-J\u00e4hrige absolvierte 207 L\u00e4nderspiele und traf 125 Mal f\u00fcr Argentinien. Nach vier vergeblichen Anl\u00e4ufen ab 2006 hatte er 2022 den WM-Titel mit Argentinien gewonnen. Bei der Weltmeisterschaft in den USA, Mexiko und Kanada in diesem Sommer hatte er die Mannschaft von Trainer Lionel Scaloni bis ins Finale gef\u00fchrt, die Titelverteidigung gegen Spanien nach Verl\u00e4ngerung aber verpasst.<\/p>\n<p>dpa\/SUF<\/p>\n","protected":false},"excerpt":{"rendered":"Der argentinische Verband legt den Fu\u00dfball f\u00fcr eine Hommage lahm \u2013 jede Partie h\u00e4lt nach zehn Minuten inne&hellip;\n","protected":false},"author":2,"featured_media":374227,"comment_status":"","ping_status":"","sticky":false,"template":"","format":"standard","meta":{"footnotes":"","_share_on_mastodon":"0"},"categories":[18],"tags":[72864,46,42,12402,72865,22237,44,109,108,210],"class_list":["post-374226","post","type-post","status-publish","format-standard","has-post-thumbnail","category-sport","tag-argentinien-fussballnationalmannschaft","tag-at","tag-austria","tag-fussball-wm-2026","tag-lionel","tag-messi","tag-oesterreich","tag-sport","tag-sports","tag-texttospeech"],"share_on_mastodon":{"url":"https:\/\/pubeurope.com\/@at\/117210698662061074","error":""},"_links":{"self":[{"href":"https:\/\/www.europesays.com\/at\/wp-json\/wp\/v2\/posts\/374226","targetHints":{"allow":["GET"]}}],"collection":[{"href":"https:\/\/www.europesays.com\/at\/wp-json\/wp\/v2\/posts"}],"about":[{"href":"https:\/\/www.europesays.com\/at\/wp-json\/wp\/v2\/types\/post"}],"author":[{"embeddable":true,"href":"https:\/\/www.europesays.com\/at\/wp-json\/wp\/v2\/users\/2"}],"replies":[{"embeddable":true,"href":"https:\/\/www.europesays.com\/at\/wp-json\/wp\/v2\/comments?post=374226"}],"version-history":[{"count":0,"href":"https:\/\/www.europesays.com\/at\/wp-json\/wp\/v2\/posts\/374226\/revisions"}],"wp:featuredmedia":[{"embeddable":true,"href":"https:\/\/www.europesays.com\/at\/wp-json\/wp\/v2\/media\/374227"}],"wp:attachment":[{"href":"https:\/\/www.europesays.com\/at\/wp-json\/wp\/v2\/media?parent=374226"}],"wp:term":[{"taxonomy":"category","embeddable":true,"href":"https:\/\/www.europesays.com\/at\/wp-json\/wp\/v2\/categories?post=374226"},{"taxonomy":"post_tag","embeddable":true,"href":"https:\/\/www.europesays.com\/at\/wp-json\/wp\/v2\/tags?post=374226"}],"curies":[{"name":"wp","href":"https:\/\/api.w.org\/{rel}","templated":true}]}}