{"id":374240,"date":"2026-09-04T03:47:09","date_gmt":"2026-09-04T03:47:09","guid":{"rendered":"https:\/\/www.europesays.com\/at\/374240\/"},"modified":"2026-09-04T03:47:09","modified_gmt":"2026-09-04T03:47:09","slug":"innsbrucker-forscher-erhalten-millionen-fuer-ihre-forschung","status":"publish","type":"post","link":"https:\/\/www.europesays.com\/at\/374240\/","title":{"rendered":"Innsbrucker Forscher erhalten Millionen f\u00fcr ihre Forschung"},"content":{"rendered":"<p>Dreifacher Forschungserfolg f\u00fcr Innsbruck: Andrea Auer, Simon Baier und Fabian Habersack erhalten jeweils einen ERC Starting Grant. Die EU-F\u00f6rderung ist mit bis zu 1,5 Millionen Euro pro Projekt dotiert.<\/p>\n<p>Gleich drei Forscher der Universit\u00e4t Innsbruck werden heuer mit einem der renommiertesten europ\u00e4ischen F\u00f6rderpreise f\u00fcr den wissenschaftlichen Nachwuchs ausgezeichnet. Andrea Auer, Simon Baier und Fabian Habersack erhalten jeweils einen ERC Starting Grant des Europ\u00e4ischen Forschungsrats (ERC).<\/p>\n<p>Damit flie\u00dfen bis zu 4,5 Millionen Euro an Basisf\u00f6rderung in drei Forschungsprojekte am Wissenschaftsstandort Innsbruck. Zus\u00e4tzlich kann unter bestimmten Voraussetzungen jeweils bis zu eine Million Euro f\u00fcr f\u00f6rderf\u00e4hige Kosten bereitgestellt werden.<\/p>\n<p>Forschung an den Grenzen des Wissens<\/p>\n<p>Die drei Projekte besch\u00e4ftigen sich mit v\u00f6llig unterschiedlichen Fragen \u2013 von neuen Technologien f\u00fcr die Energieversorgung \u00fcber die Grenzen der Quantenphysik bis zur politischen Verantwortung in Demokratien.<\/p>\n<p>Neue Perspektiven f\u00fcr Batterien und Brennstoffzellen<\/p>\n<p>Die Chemikerin Andrea Auer untersucht mit ihrem Projekt \u201eNanoELECTRA\u201c elektrochemische Grenzfl\u00e4chen auf der Nanoskala. Dort laufen jene Reaktionen ab, die unter anderem f\u00fcr Batterien und Brennstoffzellen entscheidend sind.<\/p>\n<p>Auer will mit neuen bildgebenden und spektroskopischen Methoden sichtbar machen, wie Atome, Molek\u00fcle und Ionen an diesen Grenzfl\u00e4chen angeordnet sind. Das soll helfen, elektrochemische Prozesse besser zu verstehen und langfristig neue Ans\u00e4tze f\u00fcr effiziente Energieumwandlung und Energiespeicherung zu entwickeln.<\/p>\n<p>Simon Baier erforscht die Grenze der Quantenwelt<\/p>\n<p>Der Physiker Simon Baier geht mit seinem Projekt \u201eSpinCaT\u201c einer der gro\u00dfen offenen Fragen der modernen Physik nach: Wo endet die Quantenwelt und wo beginnt die klassische Welt?<\/p>\n<p>Daf\u00fcr will Baier schwebende Nanodiamanten in kontrollierten Zust\u00e4nden untersuchen und sogenannte Modelle zum Wellenfunktionskollaps testen. Die Forschung k\u00f6nnte dar\u00fcber hinaus neue M\u00f6glichkeiten f\u00fcr quantengest\u00fctzte Sensoren er\u00f6ffnen.<\/p>\n<p>Wie viel Verantwortung tragen Politiker?<\/p>\n<p>Mit einer gesellschaftspolitischen Frage besch\u00e4ftigt sich der Politikwissenschaftler Fabian Habersack. Sein ERC-Projekt untersucht, wann Politiker tats\u00e4chlich f\u00fcr politische Entscheidungen und deren Folgen verantwortlich gemacht werden k\u00f6nnen.<\/p>\n<p>Habersack und sein Team wollen daf\u00fcr Vorstellungen politischer Verantwortung in 20 Demokratien weltweit vergleichen. Im Mittelpunkt steht unter anderem die Frage, wie unterschiedliche Vorstellungen von Verantwortung das Vertrauen in Politik, das Wahlverhalten und die Unterst\u00fctzung demokratischer Systeme beeinflussen.<\/p>\n<p>Starker Erfolg f\u00fcr den Forschungsstandort Innsbruck<\/p>\n<p>F\u00fcr die Universit\u00e4t Innsbruck sind die drei ERC Starting Grants ein besonderer Erfolg. Die Auszeichnung erm\u00f6glicht den Forschenden, eigene Forschungsprogramme aufzubauen und daf\u00fcr langfristig Teams und Strukturen zu entwickeln.<\/p>\n<p>Auch die Themen zeigen die wissenschaftliche Breite des Standorts: Energie, Quantenphysik und Demokratie stehen im Mittelpunkt der drei ausgezeichneten Projekte.<\/p>\n<p>F\u00fcr Tirol ist der Erfolg ein weiteres Signal f\u00fcr die Bedeutung Innsbrucks als international ausgerichteter Wissenschafts- und Forschungsstandort.<\/p>\n","protected":false},"excerpt":{"rendered":"Dreifacher Forschungserfolg f\u00fcr Innsbruck: Andrea Auer, Simon Baier und Fabian Habersack erhalten jeweils einen ERC Starting Grant. Die&hellip;\n","protected":false},"author":2,"featured_media":374241,"comment_status":"","ping_status":"","sticky":false,"template":"","format":"standard","meta":{"footnotes":"","_share_on_mastodon":"0"},"categories":[32],"tags":[46,42,93689,7825,610,14541,9122,193,86820,1389,44,93690],"class_list":["post-374240","post","type-post","status-publish","format-standard","has-post-thumbnail","category-innsbruck","tag-at","tag-austria","tag-erhalten","tag-forscher","tag-forschung","tag-fuer","tag-ihre","tag-innsbruck","tag-innsbrucker","tag-millionen","tag-oesterreich","tag-unternehmensmeldung"],"share_on_mastodon":{"url":"https:\/\/pubeurope.com\/@at\/117210726066201949","error":""},"_links":{"self":[{"href":"https:\/\/www.europesays.com\/at\/wp-json\/wp\/v2\/posts\/374240","targetHints":{"allow":["GET"]}}],"collection":[{"href":"https:\/\/www.europesays.com\/at\/wp-json\/wp\/v2\/posts"}],"about":[{"href":"https:\/\/www.europesays.com\/at\/wp-json\/wp\/v2\/types\/post"}],"author":[{"embeddable":true,"href":"https:\/\/www.europesays.com\/at\/wp-json\/wp\/v2\/users\/2"}],"replies":[{"embeddable":true,"href":"https:\/\/www.europesays.com\/at\/wp-json\/wp\/v2\/comments?post=374240"}],"version-history":[{"count":0,"href":"https:\/\/www.europesays.com\/at\/wp-json\/wp\/v2\/posts\/374240\/revisions"}],"wp:featuredmedia":[{"embeddable":true,"href":"https:\/\/www.europesays.com\/at\/wp-json\/wp\/v2\/media\/374241"}],"wp:attachment":[{"href":"https:\/\/www.europesays.com\/at\/wp-json\/wp\/v2\/media?parent=374240"}],"wp:term":[{"taxonomy":"category","embeddable":true,"href":"https:\/\/www.europesays.com\/at\/wp-json\/wp\/v2\/categories?post=374240"},{"taxonomy":"post_tag","embeddable":true,"href":"https:\/\/www.europesays.com\/at\/wp-json\/wp\/v2\/tags?post=374240"}],"curies":[{"name":"wp","href":"https:\/\/api.w.org\/{rel}","templated":true}]}}