{"id":374254,"date":"2026-09-04T04:00:16","date_gmt":"2026-09-04T04:00:16","guid":{"rendered":"https:\/\/www.europesays.com\/at\/374254\/"},"modified":"2026-09-04T04:00:16","modified_gmt":"2026-09-04T04:00:16","slug":"doogee-auf-der-ifa-berlin-2026","status":"publish","type":"post","link":"https:\/\/www.europesays.com\/at\/374254\/","title":{"rendered":"DOOGEE auf der IFA Berlin 2026"},"content":{"rendered":"\n<p>Unter dem Motto \u201eDOOGEE AI, Connect Beyond Limits\u201c pr\u00e4sentiert der Hersteller seine Version von unterst\u00fctzenden Ger\u00e4ten f\u00fcr alle. Lest mehr!<\/p>\n<p>DOOGEE x IFA 2026<\/p>\n<p>Hier die offizielle Aussage des Herstellers:<\/p>\n<p>\u201eWir freuen uns, dich herzlich einzuladen, DOOGEE auf der IFA Berlin 2026\u00a0zu besuchen. Auch in diesem Jahr sind wir vom 4. bis 8. September 2026\u00a0auf dem Messegel\u00e4nde Berlin vertreten. Unter dem diesj\u00e4hrigen Motto \u201eDOOGEE AI, Connect Beyond Limits\u201c pr\u00e4sentieren wir unsere Vision von robusten und intelligenten Ger\u00e4ten, die Menschen bei ihren Entdeckungen und Abenteuern unterst\u00fctzen. An unserem Stand kannst du unsere neuesten Innovationen aus erster Hand erleben, entlang unserer drei Smart-Life-\u00d6kosysteme Outdoor Life, Smart Life und Home Life.\u00a0Zu sehen sind unter anderem unsere neuen Rugged-AI-Ger\u00e4te, Mecha-Style-Smartphones, Smart Tablets und Wearables.\u201c<\/p>\n<p>Datum:\u00a04.\u20138. September 2026Veranstaltungsort:\u00a0Messe Berlin, DeutschlandHalle:\u00a04.2DOOGEE Stand:\u00a0129<\/p>\n<p><img fetchpriority=\"high\" decoding=\"async\" class=\"aligncenter size-full wp-image-146469\" src=\"https:\/\/www.europesays.com\/at\/wp-content\/uploads\/2026\/09\/DOOGEE-AI-IFA-2026.jpeg\" alt=\"\" width=\"384\" height=\"684\"  \/><\/p>\n","protected":false},"excerpt":{"rendered":"Unter dem Motto \u201eDOOGEE AI, Connect Beyond Limits\u201c pr\u00e4sentiert der Hersteller seine Version von unterst\u00fctzenden Ger\u00e4ten f\u00fcr alle.&hellip;\n","protected":false},"author":2,"featured_media":374255,"comment_status":"","ping_status":"","sticky":false,"template":"","format":"standard","meta":{"footnotes":"","_share_on_mastodon":"0"},"categories":[16],"tags":[46,42,34958,23788,93002,44,97,96,101,98,100,99],"class_list":["post-374254","post","type-post","status-publish","format-standard","has-post-thumbnail","category-wissenschaft-technik","tag-at","tag-austria","tag-haushalt","tag-ifa","tag-ifa-2026","tag-oesterreich","tag-science","tag-science-technology","tag-technik","tag-technology","tag-wissenschaft","tag-wissenschaft-technik"],"share_on_mastodon":{"url":"https:\/\/pubeurope.com\/@at\/117210777681751322","error":""},"_links":{"self":[{"href":"https:\/\/www.europesays.com\/at\/wp-json\/wp\/v2\/posts\/374254","targetHints":{"allow":["GET"]}}],"collection":[{"href":"https:\/\/www.europesays.com\/at\/wp-json\/wp\/v2\/posts"}],"about":[{"href":"https:\/\/www.europesays.com\/at\/wp-json\/wp\/v2\/types\/post"}],"author":[{"embeddable":true,"href":"https:\/\/www.europesays.com\/at\/wp-json\/wp\/v2\/users\/2"}],"replies":[{"embeddable":true,"href":"https:\/\/www.europesays.com\/at\/wp-json\/wp\/v2\/comments?post=374254"}],"version-history":[{"count":0,"href":"https:\/\/www.europesays.com\/at\/wp-json\/wp\/v2\/posts\/374254\/revisions"}],"wp:featuredmedia":[{"embeddable":true,"href":"https:\/\/www.europesays.com\/at\/wp-json\/wp\/v2\/media\/374255"}],"wp:attachment":[{"href":"https:\/\/www.europesays.com\/at\/wp-json\/wp\/v2\/media?parent=374254"}],"wp:term":[{"taxonomy":"category","embeddable":true,"href":"https:\/\/www.europesays.com\/at\/wp-json\/wp\/v2\/categories?post=374254"},{"taxonomy":"post_tag","embeddable":true,"href":"https:\/\/www.europesays.com\/at\/wp-json\/wp\/v2\/tags?post=374254"}],"curies":[{"name":"wp","href":"https:\/\/api.w.org\/{rel}","templated":true}]}}