{"id":374262,"date":"2026-09-04T04:04:34","date_gmt":"2026-09-04T04:04:34","guid":{"rendered":"https:\/\/www.europesays.com\/at\/374262\/"},"modified":"2026-09-04T04:04:34","modified_gmt":"2026-09-04T04:04:34","slug":"das-orf-sommergespraech-mit-herbert-kickl-fpoe","status":"publish","type":"post","link":"https:\/\/www.europesays.com\/at\/374262\/","title":{"rendered":"Das ORF-\u201eSommergespr\u00e4ch\u201c mit Herbert Kickl, FP\u00d6"},"content":{"rendered":"<p>Wien (OTS) &#8211;\u00a0<\/p>\n<p>In der f\u00fcnften und letzten Ausgabe der \u201eSommergespr\u00e4che\u201c 2026 ist am Montag, dem 7. September, um 21.00 Uhr in ORF 2 und auf ORF ON Herbert Kickl (FP\u00d6) zu Gast bei Simone Stribl. In den Medien macht sich FP\u00d6-Bundesparteiobmann Herbert Kickl weiterhin rar, w\u00e4hrend die Freiheitlichen ihren Kurs als Oppositionspartei zunehmend versch\u00e4rfen. In den Umfragen hat die FP\u00d6 ihren Vorsprung auf die anderen Parteien zuletzt weiter ausgebaut. Wie lange kann sie von der Unzufriedenheit mit der Bundesregierung profitieren? Und wie konkret ist Herbert Kickls Anspruch auf das Kanzleramt? Welche politischen Ziele verfolgt der FP\u00d6-Chef? Wie regierungsf\u00e4hig sind die Freiheitlichen? Und zu welchen Kompromissen w\u00e4re die FP\u00d6 bereit? Erneut sorgen zudem Verbindungen blauer Jungfunktion\u00e4re zu den rechtsextremen Identit\u00e4ren f\u00fcr Aufregung. Wie geht Herbert Kickl damit um?<\/p>\n<p>Mindestens so ein Publikumshit wie die \u201eSommergespr\u00e4che\u201c selbst sind die nachfolgenden Analysen von Peter Filzmaier (gemeinsam mit je einer Printjournalistin) in der \u201eZIB 2\u201c um 22.00 Uhr in ORF 2. Am 7. September ist dies Anna Thalhammer (profil). Im \u00d61-\u201eMittagsjournal\u201c (12.00 Uhr) werden jeweils am Tag nach dem \u201eSommergespr\u00e4ch\u201c m\u00f6gliche strittige Positionen einem Faktencheck unterzogen.<\/p>\n<p>\u201eSommer(nach)gespr\u00e4che\u201c in ORF III<\/p>\n<p>Nach dem \u201eSommergespr\u00e4ch\u201c mit FP\u00d6-Chef Herbert Kickl ist vor dem ORF-III-\u201eSommer(nach)gespr\u00e4ch\u201c: Was macht die FP\u00d6 in den Umfragen so erfolgreich? Wie regierungsf\u00e4hig ist die FP\u00d6 unter Parteichef Herbert Kickl und mit welchen Parteien w\u00e4re eine Zusammenarbeit \u00fcberhaupt denkbar? Mit welcher Strategie geht die FP\u00d6 in die wichtigen Landtagswahlen in Ober\u00f6sterreich und Tirol im n\u00e4chsten Jahr? Dar\u00fcber diskutieren bei ORF-III-Chefredakteurin Lou Lorenz-Dittlbacher: Ursula Stenzel (ehemalige FP\u00d6-Politikerin), Holger Bonin (Direktor Institut f\u00fcr H\u00f6here Studien), Meret Baumann (Neue Z\u00fcrcher Zeitung) und Michael Schottenberg (Autor, Regisseur).<\/p>\n<p>Die \u201eSommergespr\u00e4che\u201c auf ORF.at, ORF ON und im ORF TELETEXT<\/p>\n<p>Im ORF.at-Netzwerk werden die \u201eSommergespr\u00e4che\u201c auch heuer aktuell und umfassend begleitet. Im Rahmen der innenpolitischen Berichterstattung fassen ORF.at-Storys die TV-Interviews mit den Parteispitzen ausf\u00fchrlich zusammen. Userinnen und User haben au\u00dferdem auf <a target=\"_blank\" rel=\"noopener noreferrer nofollow\" href=\"https:\/\/debatte.ORF.at\"><a href=\"https:\/\/debatte.ORF.at\" target=\"_blank\" rel=\"noopener noreferrer nofollow\">https:\/\/debatte.ORF.at<\/a> Gelegenheit zum Mitdiskutieren. Das Streaming-Package von ORF ON beinhaltet sowohl Live-Streams als auch bereits w\u00e4hrend der Sendung verf\u00fcgbare Videos-on-Demand, au\u00dferdem die anschlie\u00dfenden \u201eZIB 2\u201c-Analysen \u2013 alles in einer eigenen Video-Kollektion zentral zusammengefasst. Alle \u201eSommergespr\u00e4che\u201c bleiben bis 30 Tage nach der TV-Ausstrahlung der letzten Sendung verf\u00fcgbar. Der ORF TELETEXT berichtet im Innenpolitik-Magazin ausf\u00fchrlich \u00fcber die Sendungen, bringt Zusammenfassungen zentraler Inhalte und Aussagen und stellt auch Reaktionen bereit.<\/p>\n<p>Service f\u00fcr h\u00f6rbeeintr\u00e4chtigtes Publikum<\/p>\n<p>Die \u201eSommergespr\u00e4che 2026\u201c werden barrierefrei f\u00fcr geh\u00f6rlose und h\u00f6rbeeintr\u00e4chtigte Menschen \u00fcbertragen. Die Sendungen werden im ORF TELETEXT auf Seite 777 und auf ORF ON im Live-Stream und als Video-on -Demand untertitelt. Die Gespr\u00e4che werden auch mit \u00d6sterreichischer Geb\u00e4rdensprache (\u00d6GS) angeboten. Sie werden von jeweils zwei Dolmetscherinnen bzw. Dolmetschern aus dem \u00d6GS-Team Barbara Gerstbach, Ferdinand Leszecz, Lidjia Sammer, Anja Pfneisel, Delil Yilmaz und Sabine Zeller \u00fcbersetzt \u2013 zu sehen auf ORF 2 Europe (via Satellit und Kabel) und auf ORF ON via Live-Stream und Video-on-Demand.<\/p>\n<p _ngcontent-ng-c2115416006=\"\"> OTS-ORIGINALTEXT PRESSEAUSSENDUNG UNTER AUSSCHLIESSLICHER<br \/>\nINHALTLICHER VERANTWORTUNG DES AUSSENDERS &#8211; WWW.OTS.AT | NRF<\/p>\n","protected":false},"excerpt":{"rendered":"Wien (OTS) &#8211;\u00a0 In der f\u00fcnften und letzten Ausgabe der \u201eSommergespr\u00e4che\u201c 2026 ist am Montag, dem 7. September,&hellip;\n","protected":false},"author":2,"featured_media":374263,"comment_status":"","ping_status":"","sticky":false,"template":"","format":"standard","meta":{"footnotes":"","_share_on_mastodon":"0"},"categories":[6],"tags":[26393,26395,46,42,1141,1572,996,44,26394,269,43,45,85432],"class_list":["post-374262","post","type-post","status-publish","format-standard","has-post-thumbnail","category-oesterreich","tag-apa","tag-apa-ots","tag-at","tag-austria","tag-fernsehen","tag-medien","tag-orf","tag-oesterreich","tag-ots","tag-politik","tag-republic-of-austria","tag-republik-oesterreich","tag-sommergespraeche"],"share_on_mastodon":{"url":"https:\/\/pubeurope.com\/@at\/117210792844398090","error":""},"_links":{"self":[{"href":"https:\/\/www.europesays.com\/at\/wp-json\/wp\/v2\/posts\/374262","targetHints":{"allow":["GET"]}}],"collection":[{"href":"https:\/\/www.europesays.com\/at\/wp-json\/wp\/v2\/posts"}],"about":[{"href":"https:\/\/www.europesays.com\/at\/wp-json\/wp\/v2\/types\/post"}],"author":[{"embeddable":true,"href":"https:\/\/www.europesays.com\/at\/wp-json\/wp\/v2\/users\/2"}],"replies":[{"embeddable":true,"href":"https:\/\/www.europesays.com\/at\/wp-json\/wp\/v2\/comments?post=374262"}],"version-history":[{"count":0,"href":"https:\/\/www.europesays.com\/at\/wp-json\/wp\/v2\/posts\/374262\/revisions"}],"wp:featuredmedia":[{"embeddable":true,"href":"https:\/\/www.europesays.com\/at\/wp-json\/wp\/v2\/media\/374263"}],"wp:attachment":[{"href":"https:\/\/www.europesays.com\/at\/wp-json\/wp\/v2\/media?parent=374262"}],"wp:term":[{"taxonomy":"category","embeddable":true,"href":"https:\/\/www.europesays.com\/at\/wp-json\/wp\/v2\/categories?post=374262"},{"taxonomy":"post_tag","embeddable":true,"href":"https:\/\/www.europesays.com\/at\/wp-json\/wp\/v2\/tags?post=374262"}],"curies":[{"name":"wp","href":"https:\/\/api.w.org\/{rel}","templated":true}]}}