{"id":374298,"date":"2026-09-04T04:32:12","date_gmt":"2026-09-04T04:32:12","guid":{"rendered":"https:\/\/www.europesays.com\/at\/374298\/"},"modified":"2026-09-04T04:32:12","modified_gmt":"2026-09-04T04:32:12","slug":"comeback-der-flodders-mit-binge-abend-bei-rtl","status":"publish","type":"post","link":"https:\/\/www.europesays.com\/at\/374298\/","title":{"rendered":"Comeback der \u201eFlodders\u201c mit Binge-Abend bei RTL"},"content":{"rendered":"<p class=\"wp-block-paragraph\">Rund 40 Jahre nach dem Start des ersten Kinofilms um die schr\u00e4ge niederl\u00e4ndische Familie Flodder gibt\u2019s ein Reboot in Serienform. RTL strahlt den Sechsteiler \u201eDie Flodders\u201c mit u.a. Ghislaine van IJperen am 3. September an einem St\u00fcck aus. Zudem l\u00e4uft er bei RTL+, Wow und Sky.<\/p>\n<p class=\"wp-block-paragraph\">Im Kinofilm \u201eFlodder \u2013 Eine Familie zum Knutschen\u201c, zwei Fortsetzungen und einem Serienableger erlangte die niederl\u00e4ndische Proll-Familie Flodder in den 1980er- und 1990er-Jahren auch hierzulande Kultstatus. Unter Beteiligung von RTL Deutschland gibt\u2019s nun ein Comeback, das am heutigen Donnerstag, den 3. September seine Premiere als Binge-Event feiert. Ab 20:15 Uhr sind alle sechs Folgen von \u201eDie Flodders\u201c bei <a href=\"https:\/\/smalltalk-entertainment.de\/2026\/07\/31\/absolut-musik-rtl-hat-weibliche-popstars-im-blick\/\" rel=\"nofollow noopener\" target=\"_blank\">RTL<\/a> am St\u00fcck zu sehen.<\/p>\n<p class=\"wp-block-paragraph\">Hauptfigur des Reboots ist die von Ghislaine van IJperen (u.a. <a href=\"https:\/\/smalltalk-entertainment.de\/2026\/04\/30\/blind-sherlock-streit-zwischen-lennon-und-mccartney\/\" rel=\"nofollow noopener\" target=\"_blank\">\u201eBlind Sherlock\u201c<\/a>) gespielte Kees Flodder Junior. In der Serienhandlung von \u201eDie Flodders\u201c kommt die junge Frau zu einer unverhofften Erbschaft und bezieht mitsamt ihrer chaotischen Familie um Onkel Donnie (Tibor Luk\u00e1cs) und Oma Flodder (Saskia van Iterson) eine Villa im Nobelviertel Eyckendael. Hier ist Ordnung oberstes Gebot und ein perfekt gepflegter Vorgarten Ehrensache \u2013 und somit das genaue Gegenteil der flodderschen Lebenswelt.<\/p>\n<p class=\"wp-block-paragraph\">Schon bald setzten die Nachbarn alles daran, die lauten, unangepassten und respektlosen Neuank\u00f6mmlinge wieder loszuwerden. F\u00fcr die Flodders gibt\u2019s derweil eine \u00dcberraschung in Form der R\u00fcckkehr von Kees Senior \u2013 die schon wie im Cast vor 40 Jahren von Tatjana \u0160imic gespielt wird. W\u00e4hrend sie auf der Suche nach dem Passwort f\u00fcr ihr verlorenes Kryptoverm\u00f6gen ist, tr\u00e4umt Kees Junior davon, die Band um ihre Mutter wieder zusammenzubringen. Das Problem: Sie muss erst einmal die Musiker aus dem Gef\u00e4ngnis holen.<\/p>\n<p class=\"wp-block-paragraph\">Zeitgleich zur linearen TV-Ausstrahlung startet die Comedy-Serie \u201eDie Flodders\u201c auf <a href=\"https:\/\/plus.rtl.de\/flodders-p_2974\" rel=\"nofollow noopener\" target=\"_blank\">RTL+<\/a> und bei Wow. Ab Sonntag, den 6. September folgt die Auswertung bei Sky.<\/p>\n<p>        About The Author<\/p>\n<p>\t\tBeitragsnavigation<\/p>\n","protected":false},"excerpt":{"rendered":"Rund 40 Jahre nach dem Start des ersten Kinofilms um die schr\u00e4ge niederl\u00e4ndische Familie Flodder gibt\u2019s ein Reboot&hellip;\n","protected":false},"author":2,"featured_media":374299,"comment_status":"","ping_status":"","sticky":false,"template":"","format":"standard","meta":{"footnotes":"","_share_on_mastodon":"0"},"categories":[25],"tags":[46,42,93698,93699,82346,147,93700,93701,93702,93703,92543,92545,93704,30962,41190,93705,44,28745,281,35234,93706,156,93707,85916,155,6531,92546,93708,93709,148,36470],"class_list":["post-374298","post","type-post","status-publish","format-standard","has-post-thumbnail","category-serien","tag-at","tag-austria","tag-binge-event","tag-comedy-serie","tag-die-flodders","tag-entertainment","tag-eyckendael","tag-familie-flodder","tag-flodder","tag-flodder-eine-familie-zum-knutschen","tag-ghislaine-van-ijperen","tag-kees-flodder-junior","tag-kees-flodder-senior","tag-kultfilm","tag-kultserie","tag-niederlaendische-serie","tag-oesterreich","tag-reboot","tag-rtl","tag-rtl-deutschland","tag-saskia-van-iterson","tag-serien","tag-serien-reboot","tag-serienstart","tag-series","tag-sky","tag-tatjana-simic","tag-tibor-lukacs","tag-tv-premiere","tag-unterhaltung","tag-wow"],"share_on_mastodon":{"url":"https:\/\/pubeurope.com\/@at\/117210903136943467","error":""},"_links":{"self":[{"href":"https:\/\/www.europesays.com\/at\/wp-json\/wp\/v2\/posts\/374298","targetHints":{"allow":["GET"]}}],"collection":[{"href":"https:\/\/www.europesays.com\/at\/wp-json\/wp\/v2\/posts"}],"about":[{"href":"https:\/\/www.europesays.com\/at\/wp-json\/wp\/v2\/types\/post"}],"author":[{"embeddable":true,"href":"https:\/\/www.europesays.com\/at\/wp-json\/wp\/v2\/users\/2"}],"replies":[{"embeddable":true,"href":"https:\/\/www.europesays.com\/at\/wp-json\/wp\/v2\/comments?post=374298"}],"version-history":[{"count":0,"href":"https:\/\/www.europesays.com\/at\/wp-json\/wp\/v2\/posts\/374298\/revisions"}],"wp:featuredmedia":[{"embeddable":true,"href":"https:\/\/www.europesays.com\/at\/wp-json\/wp\/v2\/media\/374299"}],"wp:attachment":[{"href":"https:\/\/www.europesays.com\/at\/wp-json\/wp\/v2\/media?parent=374298"}],"wp:term":[{"taxonomy":"category","embeddable":true,"href":"https:\/\/www.europesays.com\/at\/wp-json\/wp\/v2\/categories?post=374298"},{"taxonomy":"post_tag","embeddable":true,"href":"https:\/\/www.europesays.com\/at\/wp-json\/wp\/v2\/tags?post=374298"}],"curies":[{"name":"wp","href":"https:\/\/api.w.org\/{rel}","templated":true}]}}