{"id":374312,"date":"2026-09-04T04:40:12","date_gmt":"2026-09-04T04:40:12","guid":{"rendered":"https:\/\/www.europesays.com\/at\/374312\/"},"modified":"2026-09-04T04:40:12","modified_gmt":"2026-09-04T04:40:12","slug":"absetzung-von-immer-wieder-sonntags-jetzt-spricht-der-europa-park","status":"publish","type":"post","link":"https:\/\/www.europesays.com\/at\/374312\/","title":{"rendered":"Absetzung von &#8222;Immer wieder sonntags&#8220;: Jetzt spricht der Europa-Park"},"content":{"rendered":"<p>Der Countdown zur letzten regul\u00e4ren Ausgabe von &#8222;Immer wieder sonntags&#8220; ist gestartet. Am kommenden Sonntag (6. September) wird Stefan Mross das Publikum zum letzten Mal begr\u00fc\u00dfen, denn der SWR setzt das beliebte Format ab. Wie geht eigentlich der Europa-Park mit dem TV-Aus um? Immerhin war der Freizeitpark fast 30 Jahre das Zuhause von &#8222;Immer wieder sonntags&#8220;. Die AZ hat Betreiberfamilie Mack kontaktiert und detaillierte Einblicke bekommen \u2013 es gibt sogar einen kleinen Hoffnungsschimmer.<\/p>\n<p>TV-Aus f\u00fcr &#8222;Immer wieder sonntags&#8220;: Europa-Park war &#8222;komplett \u00fcberrascht&#8220;<\/p>\n<p>Mit der letzten Ausgabe der beliebten Schlager- und Volksmusiksendung endet f\u00fcr den Europa-Park eine \u00c4ra. &#8222;&#8218;Immer wieder sonntags&#8216; war seit fast 30 Jahren ein fester Bestandteil unseres Sommers \u2013 und des Sonntagvormittags f\u00fcr Millionen von Zuschauerinnen und Zuschauern&#8220;, teilt die Unternehmenskommunikation des Freizeitparks der AZ mit. &#8222;Die Sendung hat Generationen von Fans begeistert und war weit \u00fcber die Grenzen Baden-W\u00fcrttembergs hinaus ein sympathischer Botschafter f\u00fcr Lebensfreude und Familienunterhaltung.&#8220;<\/p>\n<p>Ein Mitspracherecht am Fortbestand des Formats gab es f\u00fcr den Europa-Park keines, wie eine Sprecherin verr\u00e4t: &#8222;Wir wurden vom SWR in Kenntnis gesetzt und waren von der Entscheidung komplett \u00fcberrascht. Es gab vorab keine Einbindung des Europa-Parks.&#8220; Man respektiere den Entschluss, die Show abzusetzen, aber: &#8222;Wir h\u00e4tten die Sendung sehr gerne auch in Zukunft als Gastgeber weiter begleitet.&#8220;<\/p>\n<p>     <img decoding=\"async\" loading=\"lazy\" src=\"https:\/\/www.abendzeitung-muenchen.de\/storage\/image\/6\/8\/1\/7\/1737186_europa-park-oeffnet-nach-grossbrand-zwei-fahrgeschaefte-frueher_artikelbild-75proz_1GCndX_yXvWlc.jpg\" alt=\"Seit 30 Jahren ist der Europa-Park das Zuhause von &quot;Immer wieder sonntags&quot;.\" title=\"Seit 30 Jahren ist der Europa-Park das Zuhause von &quot;Immer wieder sonntags&quot;.\" width=\"609\" height=\"343\"\/><\/p>\n<p>      Seit 30 Jahren ist der Europa-Park das Zuhause von &#8222;Immer wieder sonntags&#8220;.<br \/>\n      \u00a9 dpa\/Philipp von Ditfurth<\/p>\n<p>    Seit 30 Jahren ist der Europa-Park das Zuhause von &#8222;Immer wieder sonntags&#8220;.<\/p>\n<p>von dpa\/Philipp von Ditfurth <\/p>\n<p>&#8222;}&#8220;&gt; <\/p>\n<p>&#8222;Beziehung zu Stefan Mross war vom ersten Tag an hervorragend&#8220;<\/p>\n<p>Trotz der Absetzung bleiben die Park-Verantwortlichen und Showmaster Stefan Mross verbunden, schlie\u00dflich blicken sie auf eine lange gemeinsame Erfolgsgeschichte zur\u00fcck. &#8222;Die Beziehung zu Stefan Mross war vom ersten Tag der Zusammenarbeit an hervorragend. Er hat &#8218;Immer wieder sonntags&#8216; mit seiner Pers\u00f6nlichkeit, seiner Bodenst\u00e4ndigkeit und seiner N\u00e4he zum Publikum entscheidend gepr\u00e4gt und zu ihrem unverwechselbaren Charakter beigetragen. Daran \u00e4ndert das Ende der Sendung nichts.&#8220;<\/p>\n<p>Erst vor wenigen Wochen bekam Mross auf dem Parkgel\u00e4nde einen eigenen Stern auf dem Walk of Fame verliehen. &#8222;Wir sch\u00e4tzen ihn sehr und freuen uns, dass er mit dem Stern eine bleibende Ehrung erhalten hat&#8220;, teilt die Sprecherin des Europa-Parks der AZ weiter mit.<\/p>\n<p>     <img decoding=\"async\" loading=\"lazy\" src=\"https:\/\/www.europesays.com\/at\/wp-content\/uploads\/2026\/09\/1737185_imago864602969_artikelbild-75proz_1GCndU_RynpnG.jpg\" alt=\"Stefan Mross und Partnerin Eva Luginger mit Europa-Park-Gr\u00fcnder Roland Mack.\" title=\"Stefan Mross und Partnerin Eva Luginger mit Europa-Park-Gr\u00fcnder Roland Mack.\" width=\"609\" height=\"343\"\/><\/p>\n<p>      Stefan Mross und Partnerin Eva Luginger mit Europa-Park-Gr\u00fcnder Roland Mack.<br \/>\n      \u00a9 imago\/Bildagentur Monn<\/p>\n<p>    Stefan Mross und Partnerin Eva Luginger mit Europa-Park-Gr\u00fcnder Roland Mack.<\/p>\n<p>von imago\/Bildagentur Monn <\/p>\n<p>&#8222;}&#8220;&gt; <\/p>\n<p>Hat &#8222;Immer wieder sonntags&#8220; doch noch eine Zukunft? Europa-Park macht Andeutung<\/p>\n<p>Obwohl der SWR sich von &#8222;Immer wieder sonntags&#8220; trennt, muss das noch nicht das endg\u00fcltige Ende des Formats bedeuten. Stefan Mross selbst hat in den vergangenen Monaten immer wieder dar\u00fcber gesprochen, wie gerne er die Show auf einem anderen Sender pr\u00e4sentieren w\u00fcrde. Wie die AZ wei\u00df, hat es im Hintergrund bereits Gespr\u00e4che gegeben \u2013 ein neues Zuhause f\u00fcr die Sendung wurde bislang aber noch nicht gefunden.<\/p>\n<p>Die Verantwortlichen im Europa-Park sind einer Fortsetzung nicht abgeneigt. Wie die Unternehmenskommunikation andeutet, k\u00f6nnte es zeitnah zu Verhandlungen kommen: &#8222;Wir sind grunds\u00e4tzlich offen f\u00fcr Gespr\u00e4che und befinden uns bereits in Kontakt mit verschiedenen Parteien. Der Europa-Park war stets ein verl\u00e4sslicher und engagierter Partner f\u00fcr dieses Format.&#8220; Dennoch betont die Sprecherin: &#8222;Bitte haben Sie Verst\u00e4ndnis daf\u00fcr, dass wir zum jetzigen Zeitpunkt dazu noch keine konkrete Aussage treffen k\u00f6nnen.&#8220; F\u00fcr die Zuschauer und Fans von &#8222;Immer wieder sonntags&#8220; k\u00f6nnte es also einen kleinen Hoffnungsschimmer auf ein Comeback geben.<\/p>\n","protected":false},"excerpt":{"rendered":"Der Countdown zur letzten regul\u00e4ren Ausgabe von &#8222;Immer wieder sonntags&#8220; ist gestartet. Am kommenden Sonntag (6. September) wird&hellip;\n","protected":false},"author":2,"featured_media":374313,"comment_status":"","ping_status":"","sticky":false,"template":"","format":"standard","meta":{"footnotes":"","_share_on_mastodon":"0"},"categories":[3],"tags":[75268,2608,76,75,7692,74,23063,651,23064,1446,93710],"class_list":["post-374312","post","type-post","status-publish","format-standard","has-post-thumbnail","category-europa","tag-absetzung","tag-ard","tag-eu","tag-europa","tag-europa-park","tag-europe","tag-immer-wieder-sonntags","tag-promis","tag-stefan-mross","tag-swr","tag-tv-aus"],"share_on_mastodon":{"url":"https:\/\/pubeurope.com\/@at\/117210934924147395","error":""},"_links":{"self":[{"href":"https:\/\/www.europesays.com\/at\/wp-json\/wp\/v2\/posts\/374312","targetHints":{"allow":["GET"]}}],"collection":[{"href":"https:\/\/www.europesays.com\/at\/wp-json\/wp\/v2\/posts"}],"about":[{"href":"https:\/\/www.europesays.com\/at\/wp-json\/wp\/v2\/types\/post"}],"author":[{"embeddable":true,"href":"https:\/\/www.europesays.com\/at\/wp-json\/wp\/v2\/users\/2"}],"replies":[{"embeddable":true,"href":"https:\/\/www.europesays.com\/at\/wp-json\/wp\/v2\/comments?post=374312"}],"version-history":[{"count":0,"href":"https:\/\/www.europesays.com\/at\/wp-json\/wp\/v2\/posts\/374312\/revisions"}],"wp:featuredmedia":[{"embeddable":true,"href":"https:\/\/www.europesays.com\/at\/wp-json\/wp\/v2\/media\/374313"}],"wp:attachment":[{"href":"https:\/\/www.europesays.com\/at\/wp-json\/wp\/v2\/media?parent=374312"}],"wp:term":[{"taxonomy":"category","embeddable":true,"href":"https:\/\/www.europesays.com\/at\/wp-json\/wp\/v2\/categories?post=374312"},{"taxonomy":"post_tag","embeddable":true,"href":"https:\/\/www.europesays.com\/at\/wp-json\/wp\/v2\/tags?post=374312"}],"curies":[{"name":"wp","href":"https:\/\/api.w.org\/{rel}","templated":true}]}}