{"id":374316,"date":"2026-09-04T04:42:08","date_gmt":"2026-09-04T04:42:08","guid":{"rendered":"https:\/\/www.europesays.com\/at\/374316\/"},"modified":"2026-09-04T04:42:08","modified_gmt":"2026-09-04T04:42:08","slug":"heissester-august-in-ooe-seit-messbeginn","status":"publish","type":"post","link":"https:\/\/www.europesays.com\/at\/374316\/","title":{"rendered":"Hei\u00dfester August in O\u00d6 seit Messbeginn"},"content":{"rendered":"<p>Klima<\/p>\n<p class=\"story-lead-text\">\n            Auch der August 2026 hat in \u00d6sterreich und Ober\u00f6sterreich Hitzerekorde gebracht. Er war der hei\u00dfeste achte Monat des Jahres in der 260-j\u00e4hrigen Messgeschichte des Landes. In Linz haben die Temperaturen sogar die Werte \u00fcberschritten, die 2019 in einer Simulation f\u00fcr die Zukunft prognostiziert wurden.\n         <\/p>\n<p>\n         04.09.2026 06.15\n      <\/p>\n<p>\n         Online seit heute, 6.15 Uhr<\/p>\n<p>Im Projekt CLARITY wurde in Linz 2019 die Hitzebelastung der Zukunft f\u00fcr die Jahre 2021 bis 2050 simuliert. Mit den Ergebnissen wollte man Wege finden, um auf die Folgen der Klimakrise reagieren zu k\u00f6nnen.<\/p>\n<p>Simulation deutlich \u00fcbertroffen<\/p>\n<p>Jetzt haben die aktuellen Temperaturen im August die prognostizierten Werte und alle bisherigen Rekorde \u00fcbertroffen. Insbesondere die Anzahl der Tropenn\u00e4chte mit Temperaturen \u00fcber 20 Grad Celsius und vor allem jene der Hitzetage mit mehr als 30 Grad Celsius hat zugenommen. Alexander Orlik, Klimatologe der Geosphere Austria, erkl\u00e4rt: \u201eDie neuen Zahlen haben die alten Rekorde pulverisiert. Nicht nur in Linz, sondern auch in Ranshofen oder Weyer gab es 43 oder 42 Hitzetage.\u201c<\/p>\n<p>      <img decoding=\"async\" class=\"lazy-loading\" bad-src=\"data:image\/svg+xml;charset=utf-8,%3Csvg%20xmlns%3D'http%3A%2F%2Fwww.w3.org%2F2000%2Fsvg'%20viewBox%3D'0%200%202400%201600'%2F%3E\" src=\"https:\/\/www.europesays.com\/at\/wp-content\/uploads\/2026\/09\/3133991_bigpicture_1214762_fkstore_137870.jpg\"  alt=\"Ortsschild von Weyer\"\/><\/p>\n<p>   FOTOKERSCHI \/ WERNER KERSCHBAUMMAYR<\/p>\n<p>      In Weyer war es im August am hei\u00dfesten \u2013 der Ort h\u00e4lt seit Juli mit 39,6 Grad auch den Allzeit-Hitzerekord im Land<\/p>\n<p>Im August wurden zum Beispiel an den Linzer Messstellen doppelt so viele Tropenn\u00e4chte und in etwa dreimal so viele Hitzetage erfasst, wie die Simulationen im Mittelwert f\u00fcr die Jahre 2021 bis 2050 erwarten lie\u00dfen.<\/p>\n<p>Rekordhitze und Trockenheit<\/p>\n<p>Von den 32 Wetterstationen der Geosphere Austria in Ober\u00f6sterreich haben 28 neue Rekorde f\u00fcr August gemessen. Die h\u00f6chste Temperatur wurde am 4. August mit 39,2 Grad in Weyer registriert.<\/p>\n<p>      <img decoding=\"async\" class=\"lazy-loading\" bad-src=\"data:image\/svg+xml;charset=utf-8,%3Csvg%20xmlns%3D'http%3A%2F%2Fwww.w3.org%2F2000%2Fsvg'%20viewBox%3D'0%200%20965%20656'%2F%3E\" src=\"https:\/\/www.europesays.com\/at\/wp-content\/uploads\/2026\/09\/3171048_body_1229613_screenshot_2026-09-03_174652.png\"  alt=\"\u00d6sterreichkarte, die die Temperatur im August im Vergleich zum langj\u00e4hrigen Mittel zeigt\"\/><\/p>\n<p>   Geosphere Austria<\/p>\n<p>Gleichzeitig fiel der Niederschlag um etwa 40 Prozent geringer aus als im langj\u00e4hrigen Mittel, vor allem im Innviertel und im \u00f6stlichen M\u00fchlviertel herrscht Trockenheit. Zusammen mit dem trockenen Fr\u00fchjahr habe es in Ober\u00f6sterreich heuer viel zu wenig geregnet, so Orlik.<\/p>\n<p>Ob der Niederschlagsmangel im Herbst noch aufgeholt werden kann, bleibe fraglich.<\/p>\n","protected":false},"excerpt":{"rendered":"Klima Auch der August 2026 hat in \u00d6sterreich und Ober\u00f6sterreich Hitzerekorde gebracht. Er war der hei\u00dfeste achte Monat&hellip;\n","protected":false},"author":2,"featured_media":374317,"comment_status":"","ping_status":"","sticky":false,"template":"","format":"standard","meta":{"footnotes":"","_share_on_mastodon":"0"},"categories":[6],"tags":[46,42,44,43,45],"class_list":["post-374316","post","type-post","status-publish","format-standard","has-post-thumbnail","category-oesterreich","tag-at","tag-austria","tag-oesterreich","tag-republic-of-austria","tag-republik-oesterreich"],"share_on_mastodon":{"url":"https:\/\/pubeurope.com\/@at\/117210942806414646","error":""},"_links":{"self":[{"href":"https:\/\/www.europesays.com\/at\/wp-json\/wp\/v2\/posts\/374316","targetHints":{"allow":["GET"]}}],"collection":[{"href":"https:\/\/www.europesays.com\/at\/wp-json\/wp\/v2\/posts"}],"about":[{"href":"https:\/\/www.europesays.com\/at\/wp-json\/wp\/v2\/types\/post"}],"author":[{"embeddable":true,"href":"https:\/\/www.europesays.com\/at\/wp-json\/wp\/v2\/users\/2"}],"replies":[{"embeddable":true,"href":"https:\/\/www.europesays.com\/at\/wp-json\/wp\/v2\/comments?post=374316"}],"version-history":[{"count":0,"href":"https:\/\/www.europesays.com\/at\/wp-json\/wp\/v2\/posts\/374316\/revisions"}],"wp:featuredmedia":[{"embeddable":true,"href":"https:\/\/www.europesays.com\/at\/wp-json\/wp\/v2\/media\/374317"}],"wp:attachment":[{"href":"https:\/\/www.europesays.com\/at\/wp-json\/wp\/v2\/media?parent=374316"}],"wp:term":[{"taxonomy":"category","embeddable":true,"href":"https:\/\/www.europesays.com\/at\/wp-json\/wp\/v2\/categories?post=374316"},{"taxonomy":"post_tag","embeddable":true,"href":"https:\/\/www.europesays.com\/at\/wp-json\/wp\/v2\/tags?post=374316"}],"curies":[{"name":"wp","href":"https:\/\/api.w.org\/{rel}","templated":true}]}}