{"id":374332,"date":"2026-09-04T04:57:12","date_gmt":"2026-09-04T04:57:12","guid":{"rendered":"https:\/\/www.europesays.com\/at\/374332\/"},"modified":"2026-09-04T04:57:12","modified_gmt":"2026-09-04T04:57:12","slug":"das-zeigt-samsung-alles-auf-der-ifa-2026","status":"publish","type":"post","link":"https:\/\/www.europesays.com\/at\/374332\/","title":{"rendered":"Das zeigt Samsung alles auf der IFA 2026"},"content":{"rendered":"<p>Die Nummer 1 beim TV<\/p>\n<p>Seit 20 Jahren in Folge verteidigt Samsung seine Spitzenposition im globalen TV-Markt. Auf\u00a0der IFA pr\u00e4sentiert das Unternehmen sein aktuelles Produktportfolio und die Innovationen, mit denen diese Marktf\u00fchrerschaft gehalten wird.<\/p>\n<p>Micro RGB steht f\u00fcr die n\u00e4chste Generation des TV-Erlebnisses und markiert einen\u00a0gro\u00dfen\u00a0Fortschritt bei der Bildqualit\u00e4t: Mikroskopisch kleine rote, gr\u00fcne und blaue LEDs sorgen f\u00fcr\u00a0au\u00dfergew\u00f6hnliche\u00a0Pr\u00e4zision bei Farbe, Kontrast und Sch\u00e4rfe.<\/p>\n<p>Vision AI Companion bringt dialogf\u00e4hige AI auf den Fernseher und macht es einfacher, Inhalte zu entdecken und zu\u00a0genie\u00dfen. Verf\u00fcgbar \u00fcber die gesamte TV-Palette 2026 von Samsung, liefert die Funktion personalisierte Empfehlungen und kontextbezogene Informationen, ohne das Fernseherlebnis zu unterbrechen.<\/p>\n<p>Samsungs F\u00fchrungsposition beruht nicht nur auf herausragenden Seherlebnissen, sondern auf einem Ecosystem, das \u00fcber den Bildschirm hinausreicht. Durch die Verbindung von Premium-Hardware, intelligenter Software und Inhalten auf einer vernetzten Plattform wertet Samsung die Unterhaltung \u00fcber die gesamte Lebensdauer des Fernsehers hinweg auf. Samsung TV Plus, das weltweit inzwischen mehr als 100 Millionen monatlich Aktive erreicht, ist ein zentraler Teil davon.<\/p>\n","protected":false},"excerpt":{"rendered":"Die Nummer 1 beim TV Seit 20 Jahren in Folge verteidigt Samsung seine Spitzenposition im globalen TV-Markt. Auf\u00a0der&hellip;\n","protected":false},"author":2,"featured_media":374333,"comment_status":"","ping_status":"","sticky":false,"template":"","format":"standard","meta":{"footnotes":"","_share_on_mastodon":"0"},"categories":[16],"tags":[46,42,93715,34958,23788,93002,8287,44,97,96,101,98,100,99],"class_list":["post-374332","post","type-post","status-publish","format-standard","has-post-thumbnail","category-wissenschaft-technik","tag-at","tag-austria","tag-gamingmonitor","tag-haushalt","tag-ifa","tag-ifa-2026","tag-monitor","tag-oesterreich","tag-science","tag-science-technology","tag-technik","tag-technology","tag-wissenschaft","tag-wissenschaft-technik"],"share_on_mastodon":{"url":"https:\/\/pubeurope.com\/@at\/117211001414149546","error":""},"_links":{"self":[{"href":"https:\/\/www.europesays.com\/at\/wp-json\/wp\/v2\/posts\/374332","targetHints":{"allow":["GET"]}}],"collection":[{"href":"https:\/\/www.europesays.com\/at\/wp-json\/wp\/v2\/posts"}],"about":[{"href":"https:\/\/www.europesays.com\/at\/wp-json\/wp\/v2\/types\/post"}],"author":[{"embeddable":true,"href":"https:\/\/www.europesays.com\/at\/wp-json\/wp\/v2\/users\/2"}],"replies":[{"embeddable":true,"href":"https:\/\/www.europesays.com\/at\/wp-json\/wp\/v2\/comments?post=374332"}],"version-history":[{"count":0,"href":"https:\/\/www.europesays.com\/at\/wp-json\/wp\/v2\/posts\/374332\/revisions"}],"wp:featuredmedia":[{"embeddable":true,"href":"https:\/\/www.europesays.com\/at\/wp-json\/wp\/v2\/media\/374333"}],"wp:attachment":[{"href":"https:\/\/www.europesays.com\/at\/wp-json\/wp\/v2\/media?parent=374332"}],"wp:term":[{"taxonomy":"category","embeddable":true,"href":"https:\/\/www.europesays.com\/at\/wp-json\/wp\/v2\/categories?post=374332"},{"taxonomy":"post_tag","embeddable":true,"href":"https:\/\/www.europesays.com\/at\/wp-json\/wp\/v2\/tags?post=374332"}],"curies":[{"name":"wp","href":"https:\/\/api.w.org\/{rel}","templated":true}]}}