{"id":374340,"date":"2026-09-04T05:01:08","date_gmt":"2026-09-04T05:01:08","guid":{"rendered":"https:\/\/www.europesays.com\/at\/374340\/"},"modified":"2026-09-04T05:01:08","modified_gmt":"2026-09-04T05:01:08","slug":"oesterreichs-donauflotte-ist-in-die-jahre-gekommen","status":"publish","type":"post","link":"https:\/\/www.europesays.com\/at\/374340\/","title":{"rendered":"\u00d6sterreichs Donauflotte ist in die Jahre gekommen"},"content":{"rendered":"<p>                        <img src=\"https:\/\/www.europesays.com\/at\/wp-content\/uploads\/2026\/09\/Screenshot-2026-09-03-204017-872x530.jpg\" decoding=\"async\"  class=\"lazyload\" data-eio-rwidth=\"872\" data-eio-rheight=\"530\"\/><img decoding=\"async\"  src=\"https:\/\/www.europesays.com\/at\/wp-content\/uploads\/2026\/09\/Screenshot-2026-09-03-204017-872x530.jpg\" alt=\"\u00d6sterreichs Donauflotte ist in die Jahre gekommen\" data-eio=\"l\"\/><br \/>\n                            Bild: Binnenschiffsregister Wien; Oberste Schifffahrtsbeh\u00f6rde im Bundesministerium f\u00fcr Innovation, Mobilit\u00e4t und Infrastruktur; viadonau \/ \u00dcbersicht \u00f6sterreichische Donauflotte nach Fahrzeugtyp 2025<\/p>\n<p>\n                    Im Vorjahr ist die Gr\u00f6\u00dfe von \u00d6sterreichs Donauflotte etwas gesunken und sie ist mittlerweile merklich in die Jahre gekommen.2025 sind 278 Schiffe mit einem Durchschnittsalter von 47 Jahren unter rot-wei\u00df-roter Flagge auf dem Strom unterwegs gewesen.Das waren um 12 Fahrzeuge weniger als im Jahr davor.Diese Zahlen gehen aus dem aktuellen Jahresbericht der Wasserstra\u00dfengesellschaft viadonau hervor.Knapp die H\u00e4lfte der Donauschiffe mit \u00f6sterreichischer Zulassung entf\u00e4llt auf die Kategorie der nichtmotorisierten G\u00fcterk\u00e4hne.                <\/p>\n<p>                Jetzt weiterlesen<\/p>\n<p>Abo abschlie\u00dfen und unbegrenzten Zugriff auf alle Inhalte der \u00d6sterreichischen Verkehrszeitung erhalten.<\/p>\n<p>\u00d6VZ ONLINE Abo<br \/>\n                            \u20ac 250<\/p>\n<p>Alle Artikel online lesen.\n                            <\/p>\n<p>                                KURZMELDUNGEN: Lesen sie die t\u00e4glichen Information aus<br \/>\n                                    den Bereichen See, Land, Luft und Bahn<\/p>\n<p>                                EDITION: Das erste t\u00e4gliche E-Paper aus Logistik und<br \/>\n                                    Verladender Wirtschaft<\/p>\n<p>                                \u00d6VZ E-Paper: Alle Artikel aus dem Print-Magazin online<br \/>\n                                    lesen<\/p>\n<p>                            <a href=\"https:\/\/oevz.com\/abo\/?abo=1\" class=\"btn btn--green mb-3\" rel=\"nofollow noopener\" target=\"_blank\">Abo abschlie\u00dfen<\/a><\/p>\n<p>\u00d6VZ KOMBI Abo (Print &amp;<br \/>\n                            Online) \u20ac 310<\/p>\n<p>Alle Artikel online und im Printmagazin lesen.\n                            <\/p>\n<p>                                KURZMELDUNGEN: Lesen sie die t\u00e4glichen Information aus<br \/>\n                                    den Bereichen See, Land, Luft und Bahn<\/p>\n<p>                                EDITION: Das erste t\u00e4gliche E-Paper aus Logistik und<br \/>\n                                    Verladender Wirtschaft<\/p>\n<p>                                \u00d6VZ E-Paper: Alle Artikel aus dem Print-Magazin online<br \/>\n                                    lesen<\/p>\n<p>                                \u00d6VZ print: 14-t\u00e4giges Print-Magazin per Post<\/p>\n<p>                            <a href=\"https:\/\/oevz.com\/abo\/?abo=3\" class=\"btn btn--green mb-3\" rel=\"nofollow noopener\" target=\"_blank\">Abo abschlie\u00dfen<\/a><\/p>\n<p>\u00d6VZ Probeabo<br \/>\n                            \u20ac 0<\/p>\n<p>4 Wochen alle Artikel online lesen.\n                            <\/p>\n<p>                                KURZMELDUNGEN: Lesen sie die t\u00e4glichen Information aus<br \/>\n                                    den Bereichen See, Land, Luft und Bahn<\/p>\n<p>                                EDITION: Das erste t\u00e4gliche E-Paper aus Logistik und<br \/>\n                                    Verladender Wirtschaft<\/p>\n<p>                                \u00d6VZ E-Paper: Alle Artikel aus dem Print-Magazin online<br \/>\n                                    lesen<\/p>\n<p>Wenn das Probeabo nach Ablauf der vier Wochen nicht schriftlich (per Mail) gek\u00fcndigt<br \/>\n                                wird, wandelt sich das Probeabo automatisch in ein Jahresabo zum Preis von \u20ac 250,-<br \/>\n                                (inkl. MWSt.) um.\n                            <\/p>\n<p>                            <a href=\"https:\/\/oevz.com\/abo\/?abo=4\" class=\"btn btn--green mb-3\" rel=\"nofollow noopener\" target=\"_blank\">Abo abschlie\u00dfen<\/a><\/p>\n<p>                Login<\/p>\n","protected":false},"excerpt":{"rendered":"Bild: Binnenschiffsregister Wien; Oberste Schifffahrtsbeh\u00f6rde im Bundesministerium f\u00fcr Innovation, Mobilit\u00e4t und Infrastruktur; viadonau \/ \u00dcbersicht \u00f6sterreichische Donauflotte nach&hellip;\n","protected":false},"author":2,"featured_media":374341,"comment_status":"","ping_status":"","sticky":false,"template":"","format":"standard","meta":{"footnotes":"","_share_on_mastodon":"0"},"categories":[6],"tags":[46,42,44,43,45],"class_list":["post-374340","post","type-post","status-publish","format-standard","has-post-thumbnail","category-oesterreich","tag-at","tag-austria","tag-oesterreich","tag-republic-of-austria","tag-republik-oesterreich"],"share_on_mastodon":{"url":"https:\/\/pubeurope.com\/@at\/117211017609198122","error":""},"_links":{"self":[{"href":"https:\/\/www.europesays.com\/at\/wp-json\/wp\/v2\/posts\/374340","targetHints":{"allow":["GET"]}}],"collection":[{"href":"https:\/\/www.europesays.com\/at\/wp-json\/wp\/v2\/posts"}],"about":[{"href":"https:\/\/www.europesays.com\/at\/wp-json\/wp\/v2\/types\/post"}],"author":[{"embeddable":true,"href":"https:\/\/www.europesays.com\/at\/wp-json\/wp\/v2\/users\/2"}],"replies":[{"embeddable":true,"href":"https:\/\/www.europesays.com\/at\/wp-json\/wp\/v2\/comments?post=374340"}],"version-history":[{"count":0,"href":"https:\/\/www.europesays.com\/at\/wp-json\/wp\/v2\/posts\/374340\/revisions"}],"wp:featuredmedia":[{"embeddable":true,"href":"https:\/\/www.europesays.com\/at\/wp-json\/wp\/v2\/media\/374341"}],"wp:attachment":[{"href":"https:\/\/www.europesays.com\/at\/wp-json\/wp\/v2\/media?parent=374340"}],"wp:term":[{"taxonomy":"category","embeddable":true,"href":"https:\/\/www.europesays.com\/at\/wp-json\/wp\/v2\/categories?post=374340"},{"taxonomy":"post_tag","embeddable":true,"href":"https:\/\/www.europesays.com\/at\/wp-json\/wp\/v2\/tags?post=374340"}],"curies":[{"name":"wp","href":"https:\/\/api.w.org\/{rel}","templated":true}]}}