{"id":374372,"date":"2026-09-04T05:20:09","date_gmt":"2026-09-04T05:20:09","guid":{"rendered":"https:\/\/www.europesays.com\/at\/374372\/"},"modified":"2026-09-04T05:20:09","modified_gmt":"2026-09-04T05:20:09","slug":"geruechte-ueber-babler-sturz-spoe-geht-in-klausur-diepresse-com","status":"publish","type":"post","link":"https:\/\/www.europesays.com\/at\/374372\/","title":{"rendered":"Ger\u00fcchte \u00fcber Babler-Sturz: SP\u00d6 geht in Klausur \u2013 DiePresse.com"},"content":{"rendered":"<p class=\"lead\">Offiziell stehen auf der Agenda der Klausur in Mauerbach Themen wie die Potenziale der Sozialdemokratie in Europa im Allgemeinen und im l\u00e4ndlichen Raum im Speziellen.<\/p>\n<p><img loading=\"lazy\" decoding=\"async\" class=\"figure__image\" src=\"https:\/\/www.europesays.com\/at\/wp-content\/uploads\/2026\/09\/EROFFNUNG OFB-CAMPUS LUDWIG SPO  BALBER SPO .jpg\" alt=\"SP\u00d6-Bundesparteichef Andreas Babler und Wiens B\u00fcrgermeister Michael Ludwig (SP\u00d6) \" width=\"588\" height=\"392\"\/><\/p>\n<p>SP\u00d6-Bundesparteichef Andreas Babler und Wiens B\u00fcrgermeister Michael Ludwig (SP\u00d6) \u2003APA\/FLORIAN WIESER<\/p>\n<p>                    04.09.2026 um 06:04<\/p>\n<p>            <a href=\"https:\/\/google.com\/preferences\/source?q=diepresse.com\" class=\"cta cta--google\" target=\"_blank\" rel=\"noopener noreferrer nofollow\" onclick=\"pushDatalayer({&#010;            &#039;eventCategory&#039;: &#039;menu&#039;,&#010;            &#039;event&#039;: &#039;google_pref_choice&#039;,&#010;            &#039;eventAction&#039;: &#039;choice&#039;,&#010;            &#039;eventLabel&#039;: &#039;Google Prefered Source&#039;&#010;            }, true)\"><\/p>\n<p>        Die Presse auf Google als bevorzugte Nachrichtenquelle hinzuf\u00fcgen.<br \/>\n    <\/a><\/p>\n<p>Die SP\u00d6 trifft sich am Wochenende in Mauerbach zu einer Pr\u00e4sidiumsklausur. \u00dcberschattet sind die eigentlichen Themen wie die Potenziale der Sozialdemokratie in Europa im Allgemeinen und im l\u00e4ndlichen Raum im Speziellen von erneuten inneren Unruhen. Medial kolportiert wird einmal mehr ein Anlauf, Parteichef <a href=\"https:\/\/www.diepresse.com\/thema\/andreas-babler\" data-tracking=\"at-link\" data-tracking-data=\"{\" event=\"\" click=\"\" article=\"\" babler-sturz:=\"\" sp=\"\" geht=\"\" in=\"\" klausur=\"\" rel=\"nofollow noopener\" target=\"_blank\">Andreas Babler<\/a> zu st\u00fcrzen. War im Fr\u00fchling <a href=\"https:\/\/www.diepresse.com\/thema\/christian-kern\" data-tracking=\"at-link\" data-tracking-data=\"{\" event=\"\" click=\"\" article=\"\" babler-sturz:=\"\" sp=\"\" geht=\"\" in=\"\" klausur=\"\" rel=\"nofollow noopener\" target=\"_blank\">Christian Kern<\/a> der Hoffnungstr\u00e4ger, ist es nun Gerhard Zeiler.<\/p>\n<p>Die Klausur ist an sich ein routinem\u00e4\u00dfiges, lange geplantes Treffen, das sich von Samstagvormittag bis Sonntagmittag ziehen wird. Vorgesehen sind Programmpunkte wie eine IFES-Analyse zum Thema \u201eLebensqualit\u00e4t und SP\u00d6-Potenziale\u201c, ein Vortrag des deutschen Politologen Felix Butzlaff zu den \u201ePotenzialen sozialdemokratischer Parteien\u201c sowie ein Referat von Parteichef Babler. All dies findet ohne \u00d6ffentlichkeit statt. Auch Medieninformation ist keine geplant.<\/p>\n<p>Das mag daher r\u00fchren, dass wohl andere Fragen gestellt w\u00fcrden als jene zum Programm. Sehr schwache Umfragewerte der Partei haben nur wenige Monate nach der Wiederwahl Bablers als Parteivorsitzender Unzufriedenheit vor allem in den L\u00e4ndern hervorgerufen. Der neue K\u00e4rntner Landesparteichef <a href=\"https:\/\/www.diepresse.com\/thema\/daniel-fellner\" data-tracking=\"at-link\" data-tracking-data=\"{\" event=\"\" click=\"\" article=\"\" babler-sturz:=\"\" sp=\"\" geht=\"\" in=\"\" klausur=\"\" rel=\"nofollow noopener\" target=\"_blank\">Daniel Fellner<\/a> nannte die SP\u00d6 gar \u201eKleinstpartei\u201c und machte wenig Hehl daraus, dass er Babler f\u00fcr keine Idealbesetzung h\u00e4lt.<\/p>\n<p>Vergleichsweise zur\u00fcckhaltend sind aktuell die traditionell Babler-kritischen Landesorganisationen Nieder\u00f6sterreich und Steiermark unterwegs, w\u00e4hrend der wohl bekannten Kritik aus dem Burgenland auch intern mittlerweile weniger Bedeutung zugemessen wird. Dennoch wanderte seit j\u00fcngerer Zeit das Ger\u00fccht durch auflagenstarke Bl\u00e4tter, wonach Medienmanager Zeiler seine Finger nach dem Vorsitz der Roten ausgestreckt haben soll.<\/p>\n<p>Wer die entsprechenden Informationen lanciert, ist unklar. Eigentlich gilt Zeiler als Mann der Wiener Landespartei, die ihn dereinst nach dem R\u00fcckzug Werner Faymanns vergeblich als Alternative zu Christian Kern ins Spiel gebracht hatte. Dass die Hauptst\u00e4dter, die gerade erst Bablers Kopf gerettet haben, nur wenige Monate sp\u00e4ter zu seinem Sturz aufbrechen, ist allerdings fraglich. Ob Zeiler, der \u00fcber den <a href=\"https:\/\/www.diepresse.com\/thema\/orf\" data-tracking=\"at-link\" data-tracking-data=\"{\" event=\"\" click=\"\" article=\"\" babler-sturz:=\"\" sp=\"\" geht=\"\" in=\"\" klausur=\"\" rel=\"nofollow noopener\" target=\"_blank\">ORF<\/a> und <a href=\"https:\/\/www.diepresse.com\/thema\/rtl\" data-tracking=\"at-link\" data-tracking-data=\"{\" event=\"\" click=\"\" article=\"\" babler-sturz:=\"\" sp=\"\" geht=\"\" in=\"\" klausur=\"\" rel=\"nofollow noopener\" target=\"_blank\">RTL<\/a> bei der Warner-Gruppe eine beeindruckende Karriere hingelegt hat, tats\u00e4chlich mit 71 als Retter der Sozialdemokratie antreten will, wei\u00df man nicht authentisch. Denn der Medienmanager hat sich zu den Ger\u00fcchten bisher nicht ge\u00e4u\u00dfert.<\/p>\n<p>Dass sich bei der Pr\u00e4sidiumsklausur diesbez\u00fcglich die Nebel lichten, ist eher unwahrscheinlich. Fellner, der angeblich auf Zeiler setzt, ist \u00fcberhaupt nur am zweiten Tag dabei. Der burgenl\u00e4ndische Klubobmann Roland F\u00fcrst, der dem Parteipr\u00e4sidium angeh\u00f6rt, lie\u00df sich wegen einer Termin-Kollision gleich ganz entschuldigen. Andere wie Wiens B\u00fcrgermeister <a href=\"https:\/\/www.diepresse.com\/thema\/michael-ludwig\" data-tracking=\"at-link\" data-tracking-data=\"{\" event=\"\" click=\"\" article=\"\" babler-sturz:=\"\" sp=\"\" geht=\"\" in=\"\" klausur=\"\" rel=\"nofollow noopener\" target=\"_blank\">Michael Ludwig<\/a> und Nieder\u00f6sterreichs Landeschef Sven Hergovich, die formal gar keine gew\u00e4hlten Pr\u00e4sidiumsmitglieder mehr sind, werden dagegen im Tagungshotel erscheinen.<\/p>\n<p>Auch wenn sich nach der Klausur wohl an der Spitze der \u00f6sterreichischen Sozialdemokratie nichts Neues tun wird, bleiben die Zeiten f\u00fcr Babler unwirtlich. Seit Wochen sieht sich der Vizekanzler, der f\u00fcr die anstehende Reform der Medienf\u00f6rderung zust\u00e4ndig ist, heftigen Angriffen von Teilen des Boulevards ausgesetzt. Zuletzt wurden sogar ohne Beleg Vorw\u00fcrfe lanciert, wonach sein Vater bei einer orthop\u00e4dischen Behandlung in einem Ordensspital vorgereiht worden sei. Sowohl das Krankenhaus als auch die SP\u00d6 dementierten entschieden.<\/p>\n<p>Dennoch: angesichts der schlechten Stimmung in der Partei ist fraglich, wie gem\u00fctlich das \u201egem\u00fctliche Beisammensein\u201c, das den ersten Klausurtag abschlie\u00dft, dann tats\u00e4chlich sein wird. (APA)<\/p>\n","protected":false},"excerpt":{"rendered":"Offiziell stehen auf der Agenda der Klausur in Mauerbach Themen wie die Potenziale der Sozialdemokratie in Europa im&hellip;\n","protected":false},"author":2,"featured_media":374373,"comment_status":"","ping_status":"","sticky":false,"template":"","format":"standard","meta":{"footnotes":"","_share_on_mastodon":"0"},"categories":[6],"tags":[46,42,44,43,45],"class_list":["post-374372","post","type-post","status-publish","format-standard","has-post-thumbnail","category-oesterreich","tag-at","tag-austria","tag-oesterreich","tag-republic-of-austria","tag-republik-oesterreich"],"share_on_mastodon":{"url":"https:\/\/pubeurope.com\/@at\/117211092326685957","error":""},"_links":{"self":[{"href":"https:\/\/www.europesays.com\/at\/wp-json\/wp\/v2\/posts\/374372","targetHints":{"allow":["GET"]}}],"collection":[{"href":"https:\/\/www.europesays.com\/at\/wp-json\/wp\/v2\/posts"}],"about":[{"href":"https:\/\/www.europesays.com\/at\/wp-json\/wp\/v2\/types\/post"}],"author":[{"embeddable":true,"href":"https:\/\/www.europesays.com\/at\/wp-json\/wp\/v2\/users\/2"}],"replies":[{"embeddable":true,"href":"https:\/\/www.europesays.com\/at\/wp-json\/wp\/v2\/comments?post=374372"}],"version-history":[{"count":0,"href":"https:\/\/www.europesays.com\/at\/wp-json\/wp\/v2\/posts\/374372\/revisions"}],"wp:featuredmedia":[{"embeddable":true,"href":"https:\/\/www.europesays.com\/at\/wp-json\/wp\/v2\/media\/374373"}],"wp:attachment":[{"href":"https:\/\/www.europesays.com\/at\/wp-json\/wp\/v2\/media?parent=374372"}],"wp:term":[{"taxonomy":"category","embeddable":true,"href":"https:\/\/www.europesays.com\/at\/wp-json\/wp\/v2\/categories?post=374372"},{"taxonomy":"post_tag","embeddable":true,"href":"https:\/\/www.europesays.com\/at\/wp-json\/wp\/v2\/tags?post=374372"}],"curies":[{"name":"wp","href":"https:\/\/api.w.org\/{rel}","templated":true}]}}