{"id":374402,"date":"2026-09-04T05:39:11","date_gmt":"2026-09-04T05:39:11","guid":{"rendered":"https:\/\/www.europesays.com\/at\/374402\/"},"modified":"2026-09-04T05:39:11","modified_gmt":"2026-09-04T05:39:11","slug":"neos-fuer-integrationslandkarte-nach-daenischem-vorbild","status":"publish","type":"post","link":"https:\/\/www.europesays.com\/at\/374402\/","title":{"rendered":"NEOS f\u00fcr \u201eIntegrationslandkarte\u201c nach d\u00e4nischem Vorbild"},"content":{"rendered":"<p>NEOS-Klubobmann Yannick Shetty fordert die Einf\u00fchrung einer \u00f6sterreichweiten \u201eIntegrationslandkarte\u201c nach d\u00e4nischem Vorbild.<\/p>\n<p>Ziel sei es, in einem wissenschaftlichen Lagebild jene Stadtteile, Gr\u00e4tzl und Bezirke sichtbar zu machen, in denen sich Parallelgesellschaften und Segregation entwickelten, um gezielt gegensteuern zu k\u00f6nnen, sagte Shetty in Interviews mit \u201ePresse\u201c, \u201eStandard\u201c und \u201eKrone\u201c (Freitag-Ausgaben).<\/p>\n<p>Die Karte soll sich auf Kriterien wie hohe Arbeitslosigkeit und Langzeitarbeitslosigkeit, schwache Bildungsergebnisse, hohe Sozialleistungsabh\u00e4ngigkeit, \u00fcberbelegte Wohnungen, geringe Deutschkenntnisse sowie eine geringe Teilnahme an Integrationsangeboten st\u00fctzen.<\/p>\n<p>Mehr Augenmerk auf \u201eIntegrationshotspot\u201c<\/p>\n<p>Wenn mehrere dieser Indikatoren \u00fcber l\u00e4ngere Zeit auff\u00e4llig sind, soll ein Gebiet als \u201eIntegrationshotspot\u201c gelten, hie\u00df es von NEOS gegen\u00fcber der APA.<\/p>\n<p>Dort m\u00fcssten dann Bund, Land und Gemeinde nachsch\u00e4rfen, etwa mit verpflichtender Sprach- und Bildungsf\u00f6rderung von klein auf, einer Neuordnung bei der Vergabe von Sozialwohnungen, mehr Sozialarbeitern und verst\u00e4rkter Polizeipr\u00e4senz, so der Vorschlag.<\/p>\n<p>Umsetzen soll die \u201eIntegrationslandkarte\u201c gem\u00e4\u00df den Vorstellungen Integrationsministerin Claudia Bauer (\u00d6VP). Man werde \u201einnerhalb der Koalition darauf pochen, dass wir dieses Projekt nun umsetzen\u201c, hie\u00df es. \u00c4hnliche erste Schritte gebe es bereits in Wien mit dem Integrations- und Diversit\u00e4tsmonitor.<\/p>\n","protected":false},"excerpt":{"rendered":"NEOS-Klubobmann Yannick Shetty fordert die Einf\u00fchrung einer \u00f6sterreichweiten \u201eIntegrationslandkarte\u201c nach d\u00e4nischem Vorbild. Ziel sei es, in einem wissenschaftlichen&hellip;\n","protected":false},"author":2,"featured_media":374403,"comment_status":"","ping_status":"","sticky":false,"template":"","format":"standard","meta":{"footnotes":"","_share_on_mastodon":"0"},"categories":[6],"tags":[46,42,44,43,45],"class_list":["post-374402","post","type-post","status-publish","format-standard","has-post-thumbnail","category-oesterreich","tag-at","tag-austria","tag-oesterreich","tag-republic-of-austria","tag-republik-oesterreich"],"share_on_mastodon":{"url":"https:\/\/pubeurope.com\/@at\/117211166631261015","error":""},"_links":{"self":[{"href":"https:\/\/www.europesays.com\/at\/wp-json\/wp\/v2\/posts\/374402","targetHints":{"allow":["GET"]}}],"collection":[{"href":"https:\/\/www.europesays.com\/at\/wp-json\/wp\/v2\/posts"}],"about":[{"href":"https:\/\/www.europesays.com\/at\/wp-json\/wp\/v2\/types\/post"}],"author":[{"embeddable":true,"href":"https:\/\/www.europesays.com\/at\/wp-json\/wp\/v2\/users\/2"}],"replies":[{"embeddable":true,"href":"https:\/\/www.europesays.com\/at\/wp-json\/wp\/v2\/comments?post=374402"}],"version-history":[{"count":0,"href":"https:\/\/www.europesays.com\/at\/wp-json\/wp\/v2\/posts\/374402\/revisions"}],"wp:featuredmedia":[{"embeddable":true,"href":"https:\/\/www.europesays.com\/at\/wp-json\/wp\/v2\/media\/374403"}],"wp:attachment":[{"href":"https:\/\/www.europesays.com\/at\/wp-json\/wp\/v2\/media?parent=374402"}],"wp:term":[{"taxonomy":"category","embeddable":true,"href":"https:\/\/www.europesays.com\/at\/wp-json\/wp\/v2\/categories?post=374402"},{"taxonomy":"post_tag","embeddable":true,"href":"https:\/\/www.europesays.com\/at\/wp-json\/wp\/v2\/tags?post=374402"}],"curies":[{"name":"wp","href":"https:\/\/api.w.org\/{rel}","templated":true}]}}