{"id":374446,"date":"2026-09-04T06:06:19","date_gmt":"2026-09-04T06:06:19","guid":{"rendered":"https:\/\/www.europesays.com\/at\/374446\/"},"modified":"2026-09-04T06:06:19","modified_gmt":"2026-09-04T06:06:19","slug":"berlin-pankow-prater-galerie-aus-der-ddr-oeffnet-heute-wieder","status":"publish","type":"post","link":"https:\/\/www.europesays.com\/at\/374446\/","title":{"rendered":"Berlin-Pankow: Prater Galerie aus der DDR \u00f6ffnet heute wieder"},"content":{"rendered":"<p>In der DDR gegr\u00fcndet <\/p>\n<p>Nach Sanierung: Prater Galerie \u00f6ffnet wieder<\/p>\n<p>Aktualisiert am 03.09.2026 &#8211; 13:13 UhrLesedauer: 2 Min.<\/p>\n<p><a href=\"#focus-0\" class=\"transition-colors block text-current relative\" data-sctrack=\"FocusGalleryImage.Reference\"><img fetchpriority=\"high\" data-testid=\"Opener.Image\"   loading=\"eager\" src=\"https:\/\/www.europesays.com\/at\/wp-content\/uploads\/2026\/09\/eine-kunstinstallation-von-reinhard-zabka-vor-der-prater-galerie-im-jahr-1990.jpg\" alt=\"imago images 0201275761\" title=\"imago images 0201275761\" width=\"5590\" height=\"3144\" class=\"bg-[url:var(--lqipURL)] bg-cover bg-center flex h-full w-full max-w-full\" style=\"--lqipURL:url('https:\/\/images.t-online.de\/2026\/08\/dbK9CjrVgO4P\/0x263:5590x3144\/fit-in\/150x0\/filters:blur(25)\/eine-kunstinstallation-von-reinhard-zabka-vor-der-prater-galerie-im-jahr-1990.jpg')\" decoding=\"async\"\/><img loading=\"lazy\" src=\"https:\/\/berlin.t-online.de\/s\/paper\/_next\/static\/media\/zoom-in.f7dae02f.svg\" alt=\"Vergr\u00f6\u00dfern des Bildes\" title=\"Vergr\u00f6\u00dfern des Bildes\" class=\"block h-[calc(var(--height)_\/_16_*_1rem)] w-[calc(var(--width)_\/_16_*_1rem)] max-w-none absolute right-8 bottom-8 rounded-4 bg-snow p-8\" style=\"--width:32;--height:32\" decoding=\"async\"\/><\/a><\/p>\n<p>Eine Kunstinstallation von Reinhard Zabka vor der Prater Galerie im Jahr 1990: Der Ort pr\u00e4gte die Kunstszene Ost-Berlins in der DDR. (Quelle: IMAGO\/Rolf Z\u00f6llner)<\/p>\n<p><img loading=\"lazy\" src=\"https:\/\/berlin.t-online.de\/s\/paper\/_next\/static\/media\/audio-volume.6689034c.svg\" alt=\"\" title=\"\" class=\"block h-[calc(var(--height)_\/_16_*_1rem)] w-[calc(var(--width)_\/_16_*_1rem)] max-w-none group-hover:brightness-0 group-hover:invert\" style=\"--width:16;--height:16\" decoding=\"async\"\/>Vorlesen<\/p>\n<p>Aktuelle Zeit:0:00Gesamtdauer:0:00<\/p>\n<p>1x<img loading=\"lazy\" src=\"https:\/\/berlin.t-online.de\/s\/paper\/_next\/static\/media\/font-sizes.32942e33.svg\" alt=\"\" title=\"\" class=\"block h-[calc(var(--height)_\/_16_*_1rem)] w-[calc(var(--width)_\/_16_*_1rem)] max-w-none group-hover:hidden group-aria-expanded:hidden\" style=\"--width:16;--height:16\" decoding=\"async\"\/><img loading=\"lazy\" src=\"https:\/\/berlin.t-online.de\/s\/paper\/_next\/static\/media\/font-sizes-dark-mode.e382645c.svg\" alt=\"\" title=\"\" class=\"block h-[calc(var(--height)_\/_16_*_1rem)] w-[calc(var(--width)_\/_16_*_1rem)] max-w-none hidden group-hover:block group-aria-expanded:block\" style=\"--width:16;--height:16\" decoding=\"async\"\/><img loading=\"lazy\" src=\"https:\/\/berlin.t-online.de\/s\/paper\/_next\/static\/media\/sharing-menu-icon.1eb71368.svg\" alt=\"\" title=\"\" class=\"block h-[calc(var(--height)_\/_16_*_1rem)] w-[calc(var(--width)_\/_16_*_1rem)] max-w-none group-hover:brightness-0 group-hover:invert\" style=\"--width:16;--height:16\" decoding=\"async\"\/>Artikel teilen<\/p>\n<p class=\"font-bold text-18 leading-17 user-text-lg:text-22 user-text-xl:text-24\">Die kommunale Prater Galerie kehrt in die Kastanienallee zur\u00fcck \u2013 mit einer Ausstellung, die ein lange \u00fcbersehenes Kapitel DDR-Kunstgeschichte neu beleuchtet.<\/p>\n<p class=\"text-18 leading-17 user-text-lg:text-22 user-text-xl:text-24\">Am 3. September 2026 \u00f6ffnet die Prater Galerie in der Kastanienallee 7\u20139 in Prenzlauer Berg nach umfangreicher Sanierung wieder ihre T\u00fcren. Das k\u00fcndigten das Bezirksamt Pankow sowie die Galerie selbst an.<\/p>\n<p class=\"text-18 leading-17 user-text-lg:text-22 user-text-xl:text-24\">Gegr\u00fcndet wurde die kommunale Galerie 1967 in der DDR, als der K\u00fcnstler Skip Pahler gegen\u00fcber dem Prater ein Ladenlokal bespielt hatte \u2013 mit dem Ziel, Kunst in den damaligen Arbeiterbezirk zu bringen. Seither besteht die Einrichtung mit wenigen Unterbrechungen und kehrt nun an ihren sanierten Standort zur\u00fcck.<\/p>\n<p>Er\u00f6ffnung Prater Galerie: Ausstellung nur von Frauen<\/p>\n<p class=\"text-18 leading-17 user-text-lg:text-22 user-text-xl:text-24\">Zur Er\u00f6ffnung zeigt die Galerie ab 18 Uhr die Ausstellung &#8222;Courage: Schwestern im Geiste&#8220;, die bis zum 3. Januar 2027 l\u00e4uft. Zu sehen sind ausschlie\u00dflich Arbeiten von K\u00fcnstlerinnen: Yevgenia Belorusets, Christa Jeitner, Magdalena Jetelov\u00e1, Lesia Pcholka, Luise Schr\u00f6der, Gundula Schulze Eldowy, Natalia Vatsadze und Eva Vent. Kuratiert haben die Schau Katharina von Hagenow, Lena Prents und Susanne Wei\u00df vom Institut f\u00fcr Auslandsbeziehungen (ifa).<\/p>\n<p class=\"text-18 leading-17 user-text-lg:text-22 user-text-xl:text-24\">Die Ausstellung ist Teil einer gr\u00f6\u00dferen Recherche: Das ifa untersucht in der Reihe &#8222;Publik Machen&#8220; die Geschichte des Zentrums f\u00fcr Kunstausstellungen der DDR, dessen grafischer Sammlungsbestand 1991 an das Institut \u00fcberging. &#8222;Courage&#8220; ist eines von sechs Kapiteln dieser Reihe, die 2026 gemeinsam mit dem Kunsthaus Dresden und vier weiteren Berliner Ausstellungsh\u00e4usern realisiert wird.<\/p>\n<p class=\"text-18 leading-17 user-text-lg:text-22 user-text-xl:text-24\">Programmatisch konzentriert sich die Galerie auf zeitgen\u00f6ssische Kunst aus dem \u00f6stlichen Europa und verbindet diesen Fokus mit einem Blick auf die Kunstgeschichte Ost-Berlins der 1960er bis 1990er Jahre. Neben dem Ausstellungsbetrieb bietet sie ein digitales Programm sowie Angebote zur kulturellen Bildung an. Ebenfalls zum 3. September nimmt die benachbarte Volksb\u00fchne zur neuen Spielzeit ihren Betrieb wieder auf.<\/p>\n","protected":false},"excerpt":{"rendered":"In der DDR gegr\u00fcndet Nach Sanierung: Prater Galerie \u00f6ffnet wieder Aktualisiert am 03.09.2026 &#8211; 13:13 UhrLesedauer: 2 Min.&hellip;\n","protected":false},"author":2,"featured_media":374447,"comment_status":"","ping_status":"","sticky":false,"template":"","format":"standard","meta":{"footnotes":"","_share_on_mastodon":"0"},"categories":[26],"tags":[737,2788,93735,158,157,46,42,93734,3072,159,147,93732,161,160,53921,6605,44,66884,17824,93733,2611,148],"class_list":["post-374446","post","type-post","status-publish","format-standard","has-post-thumbnail","category-kunst-und-design","tag-737","tag-2788","tag-93735","tag-art","tag-art-and-design","tag-at","tag-austria","tag-berlin-ost","tag-ddr","tag-design","tag-entertainment","tag-kastanienallee","tag-kunst","tag-kunst-und-design","tag-kunstinstallation","tag-ostberlin","tag-oesterreich","tag-pankow","tag-prenzlauer-berg","tag-reinhard-zabka","tag-sanierung","tag-unterhaltung"],"share_on_mastodon":{"url":"https:\/\/pubeurope.com\/@at\/117211273495788403","error":""},"_links":{"self":[{"href":"https:\/\/www.europesays.com\/at\/wp-json\/wp\/v2\/posts\/374446","targetHints":{"allow":["GET"]}}],"collection":[{"href":"https:\/\/www.europesays.com\/at\/wp-json\/wp\/v2\/posts"}],"about":[{"href":"https:\/\/www.europesays.com\/at\/wp-json\/wp\/v2\/types\/post"}],"author":[{"embeddable":true,"href":"https:\/\/www.europesays.com\/at\/wp-json\/wp\/v2\/users\/2"}],"replies":[{"embeddable":true,"href":"https:\/\/www.europesays.com\/at\/wp-json\/wp\/v2\/comments?post=374446"}],"version-history":[{"count":0,"href":"https:\/\/www.europesays.com\/at\/wp-json\/wp\/v2\/posts\/374446\/revisions"}],"wp:featuredmedia":[{"embeddable":true,"href":"https:\/\/www.europesays.com\/at\/wp-json\/wp\/v2\/media\/374447"}],"wp:attachment":[{"href":"https:\/\/www.europesays.com\/at\/wp-json\/wp\/v2\/media?parent=374446"}],"wp:term":[{"taxonomy":"category","embeddable":true,"href":"https:\/\/www.europesays.com\/at\/wp-json\/wp\/v2\/categories?post=374446"},{"taxonomy":"post_tag","embeddable":true,"href":"https:\/\/www.europesays.com\/at\/wp-json\/wp\/v2\/tags?post=374446"}],"curies":[{"name":"wp","href":"https:\/\/api.w.org\/{rel}","templated":true}]}}