{"id":374454,"date":"2026-09-04T06:10:21","date_gmt":"2026-09-04T06:10:21","guid":{"rendered":"https:\/\/www.europesays.com\/at\/374454\/"},"modified":"2026-09-04T06:10:21","modified_gmt":"2026-09-04T06:10:21","slug":"fuer-papst-leo-xiv-zwei-originale-mozart-geigen-erklingen-im-vatikan","status":"publish","type":"post","link":"https:\/\/www.europesays.com\/at\/374454\/","title":{"rendered":"F\u00fcr Papst Leo XIV. &#8211; Zwei originale Mozart-Geigen erklingen im Vatikan"},"content":{"rendered":"<p>Als Leopold Mozart im Jahr 1769 mit seinem Sohn Wolfgang Amad\u00e9 die erste gro\u00dfe Reise nach Italien (Dezember 1769 bis M\u00e4rz 1771) antrat, so hatte er ein klares Bild vor Augen: Aus seinem Wunderkind sollte ein etablierter Komponist werden. Zum bereits dritten Mal w\u00fcrdigt die Internationale Stiftung Mozarteum diese wegweisende Italienreise mit der Teilnahme an der Sommertourn\u00e9e des Ensemble Bella Musica. Die Talente des Pre-College der Universit\u00e4t Mozarteum Salzburg wandern auf den Spuren des jungen Musikus und erwecken die Klangwelt Mozarts an jenen St\u00e4tten zum Leben, die auch Wolfgang Amad\u00e9 vor 256 Jahren besuchte.\u00a0<\/p>\n<p>Mit im Gep\u00e4ck haben die Musiker zwei Kostbarkeiten aus der Sammlung der Stiftung Mozarteum. Mozarts Dalla Costa-Violine sowie seine Kindergeige erklingen dieser Tage deshalb erstmals in Rom: Bei der Generalaudienz am Mittwoch auf dem Petersplatz wurde zum Einzug des Heiligen Vaters der erste Satz aus Wolfgang Amad\u00e9 Mozarts \u201eEine kleine Nachtmusik\u201c KV 525 von den Musikern des Ensemble Bella Musica zur Auff\u00fchrung gebracht. Gespielt wurde Mozarts originale Costa-Violine.<\/p>\n","protected":false},"excerpt":{"rendered":"Als Leopold Mozart im Jahr 1769 mit seinem Sohn Wolfgang Amad\u00e9 die erste gro\u00dfe Reise nach Italien (Dezember&hellip;\n","protected":false},"author":2,"featured_media":374455,"comment_status":"","ping_status":"","sticky":false,"template":"","format":"standard","meta":{"footnotes":"","_share_on_mastodon":"0"},"categories":[22],"tags":[46,42,93736,147,1012,93737,4799,44,42975,771,148,2112,93738,93739],"class_list":["post-374454","post","type-post","status-publish","format-standard","has-post-thumbnail","category-unterhaltung","tag-at","tag-austria","tag-eine-kleine-nachtmusik","tag-entertainment","tag-italien","tag-leopold-mozart","tag-mozarts","tag-oesterreich","tag-radio-vatikan","tag-rom","tag-unterhaltung","tag-vatikan","tag-wolfgang-amade","tag-wolfgang-amade-mozarts"],"share_on_mastodon":{"url":"https:\/\/pubeurope.com\/@at\/117211288638992278","error":""},"_links":{"self":[{"href":"https:\/\/www.europesays.com\/at\/wp-json\/wp\/v2\/posts\/374454","targetHints":{"allow":["GET"]}}],"collection":[{"href":"https:\/\/www.europesays.com\/at\/wp-json\/wp\/v2\/posts"}],"about":[{"href":"https:\/\/www.europesays.com\/at\/wp-json\/wp\/v2\/types\/post"}],"author":[{"embeddable":true,"href":"https:\/\/www.europesays.com\/at\/wp-json\/wp\/v2\/users\/2"}],"replies":[{"embeddable":true,"href":"https:\/\/www.europesays.com\/at\/wp-json\/wp\/v2\/comments?post=374454"}],"version-history":[{"count":0,"href":"https:\/\/www.europesays.com\/at\/wp-json\/wp\/v2\/posts\/374454\/revisions"}],"wp:featuredmedia":[{"embeddable":true,"href":"https:\/\/www.europesays.com\/at\/wp-json\/wp\/v2\/media\/374455"}],"wp:attachment":[{"href":"https:\/\/www.europesays.com\/at\/wp-json\/wp\/v2\/media?parent=374454"}],"wp:term":[{"taxonomy":"category","embeddable":true,"href":"https:\/\/www.europesays.com\/at\/wp-json\/wp\/v2\/categories?post=374454"},{"taxonomy":"post_tag","embeddable":true,"href":"https:\/\/www.europesays.com\/at\/wp-json\/wp\/v2\/tags?post=374454"}],"curies":[{"name":"wp","href":"https:\/\/api.w.org\/{rel}","templated":true}]}}