{"id":374466,"date":"2026-09-04T06:17:09","date_gmt":"2026-09-04T06:17:09","guid":{"rendered":"https:\/\/www.europesays.com\/at\/374466\/"},"modified":"2026-09-04T06:17:09","modified_gmt":"2026-09-04T06:17:09","slug":"prozess-gegen-massiv-vorbestraften-der-frau-in-modegeschaeft-sexuell-belaestigte-gerichtsreportagen","status":"publish","type":"post","link":"https:\/\/www.europesays.com\/at\/374466\/","title":{"rendered":"Prozess gegen massiv Vorbestraften, der Frau in Modegesch\u00e4ft sexuell bel\u00e4stigte &#8211; Gerichtsreportagen"},"content":{"rendered":"<p>&#8222;Eine halbe Stunde bl\u00f6d sein hat mir jetzt ein Jahr eingebracht?&#8220;, z\u00fcrnt Angeklagter J. am Ende seines Strafverfahrens um sexuelle Bel\u00e4stigung, gef\u00e4hrliche Drohung, K\u00f6rperverletzung und einen Versto\u00df gegen das Waffengesetz. &#8222;Ich krieg seit Jahren keine Bew\u00e4hrung! Nur Strafe, Strafe, Strafe!&#8220;, beschwert sich der 36-J\u00e4hrige bei Richter Philipp Krasa. &#8222;Schauen Sie, die L\u00f6sung ist, dass Sie nicht mehr straff\u00e4llig werden&#8220;, hat dieser einen guten Ratschlag bei der Hand.<\/p>\n","protected":false},"excerpt":{"rendered":"&#8222;Eine halbe Stunde bl\u00f6d sein hat mir jetzt ein Jahr eingebracht?&#8220;, z\u00fcrnt Angeklagter J. am Ende seines Strafverfahrens&hellip;\n","protected":false},"author":2,"featured_media":374467,"comment_status":"","ping_status":"","sticky":false,"template":"","format":"standard","meta":{"footnotes":"","_share_on_mastodon":"0"},"categories":[6],"tags":[46,42,44,43,45],"class_list":["post-374466","post","type-post","status-publish","format-standard","has-post-thumbnail","category-oesterreich","tag-at","tag-austria","tag-oesterreich","tag-republic-of-austria","tag-republik-oesterreich"],"share_on_mastodon":{"url":"https:\/\/pubeurope.com\/@at\/117211316059327552","error":""},"_links":{"self":[{"href":"https:\/\/www.europesays.com\/at\/wp-json\/wp\/v2\/posts\/374466","targetHints":{"allow":["GET"]}}],"collection":[{"href":"https:\/\/www.europesays.com\/at\/wp-json\/wp\/v2\/posts"}],"about":[{"href":"https:\/\/www.europesays.com\/at\/wp-json\/wp\/v2\/types\/post"}],"author":[{"embeddable":true,"href":"https:\/\/www.europesays.com\/at\/wp-json\/wp\/v2\/users\/2"}],"replies":[{"embeddable":true,"href":"https:\/\/www.europesays.com\/at\/wp-json\/wp\/v2\/comments?post=374466"}],"version-history":[{"count":0,"href":"https:\/\/www.europesays.com\/at\/wp-json\/wp\/v2\/posts\/374466\/revisions"}],"wp:featuredmedia":[{"embeddable":true,"href":"https:\/\/www.europesays.com\/at\/wp-json\/wp\/v2\/media\/374467"}],"wp:attachment":[{"href":"https:\/\/www.europesays.com\/at\/wp-json\/wp\/v2\/media?parent=374466"}],"wp:term":[{"taxonomy":"category","embeddable":true,"href":"https:\/\/www.europesays.com\/at\/wp-json\/wp\/v2\/categories?post=374466"},{"taxonomy":"post_tag","embeddable":true,"href":"https:\/\/www.europesays.com\/at\/wp-json\/wp\/v2\/tags?post=374466"}],"curies":[{"name":"wp","href":"https:\/\/api.w.org\/{rel}","templated":true}]}}