{"id":374492,"date":"2026-09-04T06:34:09","date_gmt":"2026-09-04T06:34:09","guid":{"rendered":"https:\/\/www.europesays.com\/at\/374492\/"},"modified":"2026-09-04T06:34:09","modified_gmt":"2026-09-04T06:34:09","slug":"live-europe-today-russland-bedroht-europa-ceuta-krise-spitzt-sich-zu-afd-vorne-im-osten","status":"publish","type":"post","link":"https:\/\/www.europesays.com\/at\/374492\/","title":{"rendered":"Live &#8211; Europe Today: Russland bedroht Europa, Ceuta-Krise spitzt sich zu, AfD vorne im Osten"},"content":{"rendered":"<p>\n         Zuerst ver\u00f6ffentlicht am<br \/>\n            04\/09\/2026 &#8211; 8:06 MESZ\n            <\/p>\n<p>  In der heutigen Sendung:<\/p>\n<p>Shona Murray berichtet aus Dublin in Irland \u00fcber die zunehmenden Drohungen Russlands gegen europ\u00e4ische Staaten. Moskau will damit B\u00fcrgerinnen und B\u00fcrger verunsichern, deren Regierungen die Ukraine unterst\u00fctzen. Murray spricht au\u00dferdem mit Benjamin Haddad, dem franz\u00f6sischen Minister f\u00fcr Europaangelegenheiten.<\/p>\n<p>          <img decoding=\"async\" class=\"c-ad__placeholder__logo\" src=\"https:\/\/static.euronews.com\/website\/images\/logos\/logo-euronews-stacked-outlined-72x72-grey-9.svg\" width=\"72\" height=\"72\" alt=\"\" loading=\"lazy\"\/><br \/>\n          WERBUNG<\/p>\n<p>          <img decoding=\"async\" class=\"c-ad__placeholder__logo\" src=\"https:\/\/static.euronews.com\/website\/images\/logos\/logo-euronews-stacked-outlined-72x72-grey-9.svg\" width=\"72\" height=\"72\" alt=\"\" loading=\"lazy\"\/><br \/>\n          WERBUNG<\/p>\n<p>Wir sprechen auch mit Sergii Marchenko, dem Finanzminister der Ukraine. Thema sind die wieder aufgeflammten Forderungen, eingefrorene russische Verm\u00f6genswerte zu nutzen, w\u00e4hrend die Ukraine auf einen weiteren harten Winter zusteuert. Au\u00dferdem kommt Antonio L\u00f3pez-Ist\u00fariz, spanischer Europaabgeordneter (EVP), zu Wort. Er reagiert auf die sich zuspitzende Krise in Ceuta.<\/p>\n<p>Laura Fleischmann berichtet aus Deutschland. Dort liegt die rechtsextreme AfD in den Umfragen vorn, kurz vor den Landtagswahlen an diesem Sonntag in Sachsen-Anhalt im Osten des Landes.<\/p>\n<p>Europe Today: wann und wo zu sehen?<\/p>\n<p>Sie k\u00f6nnen mit Euronews-Chefmoderatorin M\u00e9abh Mc Mahon und unserer EU-Redakteurin Maria Tadeo live dabei sein \u2013 im TV, auf der Euronews-Website und auf den digitalen Plattformen YouTube, Facebook, X und Instagram \u2013 jeden Wochentag um 8 Uhr Br\u00fcsseler Zeit.<\/p>\n<p>In nur 20 Minuten liefert unser neues Format die wichtigsten Ereignisse des Tages und eine pr\u00e4gnante Analyse der Geschichten, die die EU und dar\u00fcber hinaus pr\u00e4gen. Europe Today gibt es auch als Newsletter und Podcast.<\/p>\n","protected":false},"excerpt":{"rendered":"Zuerst ver\u00f6ffentlicht am 04\/09\/2026 &#8211; 8:06 MESZ In der heutigen Sendung: Shona Murray berichtet aus Dublin in Irland&hellip;\n","protected":false},"author":2,"featured_media":374493,"comment_status":"","ping_status":"","sticky":false,"template":"","format":"standard","meta":{"footnotes":"","_share_on_mastodon":"0"},"categories":[3],"tags":[79674,76,75,74,93748,12054,81],"class_list":["post-374492","post","type-post","status-publish","format-standard","has-post-thumbnail","category-europa","tag-ceuta","tag-eu","tag-europa","tag-europe","tag-franzoesische-politik","tag-pedro-sanchez","tag-ukraine-krieg"],"share_on_mastodon":{"url":"https:\/\/pubeurope.com\/@at\/117211383487296935","error":""},"_links":{"self":[{"href":"https:\/\/www.europesays.com\/at\/wp-json\/wp\/v2\/posts\/374492","targetHints":{"allow":["GET"]}}],"collection":[{"href":"https:\/\/www.europesays.com\/at\/wp-json\/wp\/v2\/posts"}],"about":[{"href":"https:\/\/www.europesays.com\/at\/wp-json\/wp\/v2\/types\/post"}],"author":[{"embeddable":true,"href":"https:\/\/www.europesays.com\/at\/wp-json\/wp\/v2\/users\/2"}],"replies":[{"embeddable":true,"href":"https:\/\/www.europesays.com\/at\/wp-json\/wp\/v2\/comments?post=374492"}],"version-history":[{"count":0,"href":"https:\/\/www.europesays.com\/at\/wp-json\/wp\/v2\/posts\/374492\/revisions"}],"wp:featuredmedia":[{"embeddable":true,"href":"https:\/\/www.europesays.com\/at\/wp-json\/wp\/v2\/media\/374493"}],"wp:attachment":[{"href":"https:\/\/www.europesays.com\/at\/wp-json\/wp\/v2\/media?parent=374492"}],"wp:term":[{"taxonomy":"category","embeddable":true,"href":"https:\/\/www.europesays.com\/at\/wp-json\/wp\/v2\/categories?post=374492"},{"taxonomy":"post_tag","embeddable":true,"href":"https:\/\/www.europesays.com\/at\/wp-json\/wp\/v2\/tags?post=374492"}],"curies":[{"name":"wp","href":"https:\/\/api.w.org\/{rel}","templated":true}]}}