{"id":374514,"date":"2026-09-04T06:53:08","date_gmt":"2026-09-04T06:53:08","guid":{"rendered":"https:\/\/www.europesays.com\/at\/374514\/"},"modified":"2026-09-04T06:53:08","modified_gmt":"2026-09-04T06:53:08","slug":"europe-today-russland-bedroht-europa-ceuta-krise-spitzt-sich-zu-afd-vorn-im-osten","status":"publish","type":"post","link":"https:\/\/www.europesays.com\/at\/374514\/","title":{"rendered":"Europe Today: Russland bedroht Europa, Ceuta-Krise spitzt sich zu, AfD vorn im Osten"},"content":{"rendered":"<p>\n                    Zuerst ver\u00f6ffentlicht am                 04\/09\/2026 &#8211; 8:06 MESZ\u2022Zuletzt aktualisiert<br \/>\n                                     8:25\n                                        <\/p>\n<p>  In der heutigen Sendung:<\/p>\n<p>Shona Murray berichtet aus Dublin in Irland. Im Fokus stehen Russlands wachsende Drohungen gegen europ\u00e4ische Staaten. Moskau will damit B\u00fcrger verunsichern, deren Regierungen die Ukraine unterst\u00fctzen. Murray spricht dar\u00fcber mit Benjamin Haddad, dem franz\u00f6sischen Europaminister.<\/p>\n<p>          <img decoding=\"async\" class=\"c-ad__placeholder__logo\" src=\"https:\/\/static.euronews.com\/website\/images\/logos\/logo-euronews-stacked-outlined-72x72-grey-9.svg\" width=\"72\" height=\"72\" alt=\"\" loading=\"lazy\"\/><br \/>\n          WERBUNG<\/p>\n<p>          <img decoding=\"async\" class=\"c-ad__placeholder__logo\" src=\"https:\/\/static.euronews.com\/website\/images\/logos\/logo-euronews-stacked-outlined-72x72-grey-9.svg\" width=\"72\" height=\"72\" alt=\"\" loading=\"lazy\"\/><br \/>\n          WERBUNG<\/p>\n<p>Wir sprechen au\u00dferdem mit Sergii Marchenko, dem ukrainischen Finanzminister. Thema sind die wieder aufgelebten Forderungen, eingefrorene russische Verm\u00f6genswerte zu nutzen. Die Ukraine steuert auf einen weiteren harten Winter zu. Zudem kommt Antonio L\u00f3pez-Ist\u00fariz, Mitglied des Europ\u00e4ischen Parlaments (Spanien, EVP), zu Wort, der auf die sich versch\u00e4rfende Krise in Ceuta reagiert.<\/p>\n<p>Laura Fleischmann berichtet aus Deutschland, wo die rechtsextreme AfD vor den Landtagswahlen an diesem Sonntag in Sachsen-Anhalt im Osten des Landes in den Umfragen vorne liegt.<\/p>\n<p>Europe Today: Wann und wo l\u00e4uft die Sendung?<\/p>\n<p>Sie sehen Euronews-Chefmoderatorin M\u00e9abh Mc Mahon und unsere EU-Redakteurin Maria Tadeo live im TV, auf der Euronews-Website sowie auf unseren digitalen Plattformen (YouTube, Facebook, X und Instagram) \u2013 jeden Werktag um acht Uhr morgens Br\u00fcsseler Zeit.<\/p>\n<p>In nur 20 Minuten liefert unser neues Format die wichtigsten Ereignisse des Tages und pr\u00e4zise Analysen zu allen Geschichten, die die EU und dar\u00fcber hinaus pr\u00e4gen. Es gibt die Sendung auch als Newsletter und Podcast.<\/p>\n","protected":false},"excerpt":{"rendered":"Zuerst ver\u00f6ffentlicht am 04\/09\/2026 &#8211; 8:06 MESZ\u2022Zuletzt aktualisiert 8:25 In der heutigen Sendung: Shona Murray berichtet aus Dublin&hellip;\n","protected":false},"author":2,"featured_media":374515,"comment_status":"","ping_status":"","sticky":false,"template":"","format":"standard","meta":{"footnotes":"","_share_on_mastodon":"0"},"categories":[3],"tags":[79674,76,75,74,93748,12054,81],"class_list":["post-374514","post","type-post","status-publish","format-standard","has-post-thumbnail","category-europa","tag-ceuta","tag-eu","tag-europa","tag-europe","tag-franzoesische-politik","tag-pedro-sanchez","tag-ukraine-krieg"],"share_on_mastodon":{"url":"https:\/\/pubeurope.com\/@at\/117211458199823995","error":""},"_links":{"self":[{"href":"https:\/\/www.europesays.com\/at\/wp-json\/wp\/v2\/posts\/374514","targetHints":{"allow":["GET"]}}],"collection":[{"href":"https:\/\/www.europesays.com\/at\/wp-json\/wp\/v2\/posts"}],"about":[{"href":"https:\/\/www.europesays.com\/at\/wp-json\/wp\/v2\/types\/post"}],"author":[{"embeddable":true,"href":"https:\/\/www.europesays.com\/at\/wp-json\/wp\/v2\/users\/2"}],"replies":[{"embeddable":true,"href":"https:\/\/www.europesays.com\/at\/wp-json\/wp\/v2\/comments?post=374514"}],"version-history":[{"count":0,"href":"https:\/\/www.europesays.com\/at\/wp-json\/wp\/v2\/posts\/374514\/revisions"}],"wp:featuredmedia":[{"embeddable":true,"href":"https:\/\/www.europesays.com\/at\/wp-json\/wp\/v2\/media\/374515"}],"wp:attachment":[{"href":"https:\/\/www.europesays.com\/at\/wp-json\/wp\/v2\/media?parent=374514"}],"wp:term":[{"taxonomy":"category","embeddable":true,"href":"https:\/\/www.europesays.com\/at\/wp-json\/wp\/v2\/categories?post=374514"},{"taxonomy":"post_tag","embeddable":true,"href":"https:\/\/www.europesays.com\/at\/wp-json\/wp\/v2\/tags?post=374514"}],"curies":[{"name":"wp","href":"https:\/\/api.w.org\/{rel}","templated":true}]}}