{"id":374574,"date":"2026-09-04T07:32:16","date_gmt":"2026-09-04T07:32:16","guid":{"rendered":"https:\/\/www.europesays.com\/at\/374574\/"},"modified":"2026-09-04T07:32:16","modified_gmt":"2026-09-04T07:32:16","slug":"trotz-fussfessel-marius-traegt-mit-der-familie-sarg-von-koenig-harald-kronen-zeitung","status":"publish","type":"post","link":"https:\/\/www.europesays.com\/at\/374574\/","title":{"rendered":"Trotz Fu\u00dffessel &#8211; Marius tr\u00e4gt mit der Familie Sarg von K\u00f6nig Harald &#8211; Kronen Zeitung"},"content":{"rendered":"<p><a href=\"https:\/\/news.google.com\/rss\/articles\/CBMiR0FVX3lxTE9mWVBSM0FzZGFYNHNYRThjYkJOazN3T2E3WGdNdERhUkJVdlkyOXg3amFmX19hMmxzOERkMGlUZWtuajZFRnJZ?oc=5\" target=\"_blank\" rel=\"nofollow noopener\">Trotz Fu\u00dffessel &#8211; Marius tr\u00e4gt mit der Familie Sarg von K\u00f6nig Harald<\/a>&nbsp;&nbsp;Kronen Zeitung<a href=\"https:\/\/news.google.com\/rss\/articles\/CBMisAFBVV95cUxOTFJHUGdSY1lxb2NnSXNkdHRRWmtoaTkybmZ5X0x2T3QydE45bXdmZ2lndHpFaFN3UG5yWVRUMkQ3Unc0V050RnNpbXp6SkFLelV1dWlITGR1Nl9GQk91WmxDODJSMnFJbXllU1o2WUk5dnVzdFBFWjdNV1ZNblk0Wnk3VEROVU1mVV9pQmVBWUsyUmp3M2dFTTRjTGRvbDhDWWV0X3pvTnEyZGJjQWR0bg?oc=5\" target=\"_blank\" rel=\"nofollow noopener\">K\u00f6nig Haralds letzter Weg: Wird Cousin K\u00f6nig Charles nach Oslo reisen?<\/a>&nbsp;&nbsp;Kurier<a href=\"https:\/\/news.google.com\/rss\/articles\/CBMitgFBVV95cUxOZTJfdmM0SEhUcFpHVXlqc3FvVVhUOV9XWkRTMm1BNVJkcXNmUGNackZQbUgwaHFVWTh3UFlsMEM3MVlhNXlDUVc2UzVUQTFVVTdvYS1HY3hsa3BNeWxyd0s4aTAyLUFnMS1TNk5rMVE3ckJUZjZZZ2IwS3ZlRkZrSXo5M2dRaG5aS3A1eFNWaHZBNWpJbGVvRnhBRFoydjlNal9YOFZ6OVQ1T0ZqM29TNlRQcXotUQ?oc=5\" target=\"_blank\" rel=\"nofollow noopener\">K\u00f6nig Harald tot: Hoftrauer bis einen Monat nach der Beisetzung<\/a>&nbsp;&nbsp;stern.de<a href=\"https:\/\/news.google.com\/rss\/articles\/CBMijwFBVV95cUxOMkZQNXJMYlVpTHFGLXBNVDlxVDlJZWJqWm1RODJ2Z1ZaMGNSeEFEeUpFbWhxaHVQdXFFMDRsdExNQVNfdVZoSVJPOVAwNWdBTmVqT1dIM3loaTFabVp3bW1OakxmMEFZcmJDNDItYXBDQkRrOGVWZ2ROV2luVlB2V1hGX0VEREdUZlJDOU52NA?oc=5\" target=\"_blank\" rel=\"nofollow noopener\">Marius Borg H\u00f8iby tr\u00e4gt K\u00f6nigssarg trotz Hausarrest<\/a>&nbsp;&nbsp;VOL.AT<a href=\"https:\/\/news.google.com\/rss\/articles\/CBMirAFBVV95cUxNNWlJSHBkbjNqdHBPT0hXWElUSTZJdFJQWHR0LXhHbkx5MUhlajQzdmlSdTh2aU10NW05RTZaQmZfelJBVjJWRjllWWVxWjU4VTRUdEZDa09fSHFhUzUxTjNQMEhMZk5heTRxcjVOVG82d0N3U0pkZ1NLY19CQUVKUVdYdnNOY1NReUZ5N3ZUOU9wZmlrV3JwNDFHNWpWUWpoMGpBamNtTzdFYXFY?oc=5\" target=\"_blank\" rel=\"nofollow noopener\">Die gesamte schwedische K\u00f6nigsfamilie reist zu K\u00f6nig Haralds Trauerfeier<\/a>&nbsp;&nbsp;Kleine Zeitung<\/p>\n","protected":false},"excerpt":{"rendered":"Trotz Fu\u00dffessel &#8211; Marius tr\u00e4gt mit der Familie Sarg von K\u00f6nig Harald&nbsp;&nbsp;Kronen ZeitungK\u00f6nig Haralds letzter Weg: Wird Cousin&hellip;\n","protected":false},"author":2,"featured_media":374575,"comment_status":"","ping_status":"","sticky":false,"template":"","format":"standard","meta":{"footnotes":"","_share_on_mastodon":"0"},"categories":[12],"tags":[93771,93772,23273,57546,3157,93773,1882,91685,93774,93775,7655,40,41,39,54683,66,65,64],"class_list":["post-374574","post","type-post","status-publish","format-standard","has-post-thumbnail","category-welt","tag-durek-verrett","tag-emma-tallulah-behn","tag-hoiby","tag-ingrid-alexandra","tag-koenig","tag-leah-isadora","tag-marius-borg-hoiby","tag-maertha-louise","tag-maertha-louises","tag-maud-angelica","tag-mette-marit","tag-nachrichten","tag-news","tag-schlagzeilen","tag-sonja","tag-welt","tag-world","tag-world-news"],"share_on_mastodon":{"url":"https:\/\/pubeurope.com\/@at\/117211610741233047","error":""},"_links":{"self":[{"href":"https:\/\/www.europesays.com\/at\/wp-json\/wp\/v2\/posts\/374574","targetHints":{"allow":["GET"]}}],"collection":[{"href":"https:\/\/www.europesays.com\/at\/wp-json\/wp\/v2\/posts"}],"about":[{"href":"https:\/\/www.europesays.com\/at\/wp-json\/wp\/v2\/types\/post"}],"author":[{"embeddable":true,"href":"https:\/\/www.europesays.com\/at\/wp-json\/wp\/v2\/users\/2"}],"replies":[{"embeddable":true,"href":"https:\/\/www.europesays.com\/at\/wp-json\/wp\/v2\/comments?post=374574"}],"version-history":[{"count":0,"href":"https:\/\/www.europesays.com\/at\/wp-json\/wp\/v2\/posts\/374574\/revisions"}],"wp:featuredmedia":[{"embeddable":true,"href":"https:\/\/www.europesays.com\/at\/wp-json\/wp\/v2\/media\/374575"}],"wp:attachment":[{"href":"https:\/\/www.europesays.com\/at\/wp-json\/wp\/v2\/media?parent=374574"}],"wp:term":[{"taxonomy":"category","embeddable":true,"href":"https:\/\/www.europesays.com\/at\/wp-json\/wp\/v2\/categories?post=374574"},{"taxonomy":"post_tag","embeddable":true,"href":"https:\/\/www.europesays.com\/at\/wp-json\/wp\/v2\/tags?post=374574"}],"curies":[{"name":"wp","href":"https:\/\/api.w.org\/{rel}","templated":true}]}}