{"id":374576,"date":"2026-09-04T07:33:09","date_gmt":"2026-09-04T07:33:09","guid":{"rendered":"https:\/\/www.europesays.com\/at\/374576\/"},"modified":"2026-09-04T07:33:09","modified_gmt":"2026-09-04T07:33:09","slug":"die-berggipfel-der-alpen-werden-gruener-auf-kosten-von-spezialisierten-arten-natur","status":"publish","type":"post","link":"https:\/\/www.europesays.com\/at\/374576\/","title":{"rendered":"Die Berggipfel der Alpen werden gr\u00fcner \u2013 auf Kosten von spezialisierten Arten &#8211; Natur"},"content":{"rendered":"<p>Lange Zeit waren die Regionen oberhalb der alpinen Baumgrenze weitgehend kahl: Aufgrund kurzer Wachstumsperioden, geringer W\u00e4rme und eines fast ganzj\u00e4hrigen Frostrisikos f\u00fcr viele Arten der europ\u00e4ischen Flora waren sie bis vor wenigen Jahrzehnten kaum besiedelt. Doch das ist Geschichte. In den Gipfelregionen Europas wird es immer gr\u00fcner und es gibt immer mehr Pflanzenarten.<\/p>\n","protected":false},"excerpt":{"rendered":"Lange Zeit waren die Regionen oberhalb der alpinen Baumgrenze weitgehend kahl: Aufgrund kurzer Wachstumsperioden, geringer W\u00e4rme und eines&hellip;\n","protected":false},"author":2,"featured_media":374577,"comment_status":"","ping_status":"","sticky":false,"template":"","format":"standard","meta":{"footnotes":"","_share_on_mastodon":"0"},"categories":[6],"tags":[46,42,44,43,45],"class_list":["post-374576","post","type-post","status-publish","format-standard","has-post-thumbnail","category-oesterreich","tag-at","tag-austria","tag-oesterreich","tag-republic-of-austria","tag-republik-oesterreich"],"share_on_mastodon":{"url":"https:\/\/pubeurope.com\/@at\/117211614693519858","error":""},"_links":{"self":[{"href":"https:\/\/www.europesays.com\/at\/wp-json\/wp\/v2\/posts\/374576","targetHints":{"allow":["GET"]}}],"collection":[{"href":"https:\/\/www.europesays.com\/at\/wp-json\/wp\/v2\/posts"}],"about":[{"href":"https:\/\/www.europesays.com\/at\/wp-json\/wp\/v2\/types\/post"}],"author":[{"embeddable":true,"href":"https:\/\/www.europesays.com\/at\/wp-json\/wp\/v2\/users\/2"}],"replies":[{"embeddable":true,"href":"https:\/\/www.europesays.com\/at\/wp-json\/wp\/v2\/comments?post=374576"}],"version-history":[{"count":0,"href":"https:\/\/www.europesays.com\/at\/wp-json\/wp\/v2\/posts\/374576\/revisions"}],"wp:featuredmedia":[{"embeddable":true,"href":"https:\/\/www.europesays.com\/at\/wp-json\/wp\/v2\/media\/374577"}],"wp:attachment":[{"href":"https:\/\/www.europesays.com\/at\/wp-json\/wp\/v2\/media?parent=374576"}],"wp:term":[{"taxonomy":"category","embeddable":true,"href":"https:\/\/www.europesays.com\/at\/wp-json\/wp\/v2\/categories?post=374576"},{"taxonomy":"post_tag","embeddable":true,"href":"https:\/\/www.europesays.com\/at\/wp-json\/wp\/v2\/tags?post=374576"}],"curies":[{"name":"wp","href":"https:\/\/api.w.org\/{rel}","templated":true}]}}