{"id":374604,"date":"2026-09-04T07:50:12","date_gmt":"2026-09-04T07:50:12","guid":{"rendered":"https:\/\/www.europesays.com\/at\/374604\/"},"modified":"2026-09-04T07:50:12","modified_gmt":"2026-09-04T07:50:12","slug":"anker-solix-s2000-besonders-leichte-2-kwh-powerstation-startet-in-europa","status":"publish","type":"post","link":"https:\/\/www.europesays.com\/at\/374604\/","title":{"rendered":"Anker Solix S2000: Besonders leichte 2-kWh-Powerstation startet in Europa"},"content":{"rendered":"<p class=\"bodytext\">Genau genommen hat die Anker Solix S2000 eine Kapazit\u00e4t von 2.010 kWh. Dank nur 10 W Verbrauch im Leerlauf mit aktiviertem AC-Ausgang sowie hoher Energieeffizienz soll sie besonders viel nutzbare Energie aus dem Akku herausholen und damit l\u00e4nger durchhalten als andere 2-kWh-Powerstations. Zudem setzt der Hersteller auf neue 314-Ah-LFP-Zellen aus der Gro\u00dfspeichertechnologie. Diese sind auf bis zu 6.000 Ladezyklen sehr langlebig. Bei typischer Nutzung spricht der Hersteller von bis zu 15 Jahren Lebensdauer.&#13;<\/p>\n<p class=\"bodytext\">Etwas limitierter ist die Anker Solix S2000 bei der Energieabgabe. Diese betr\u00e4gt 1.500 W (Spitze 3.000 W), was f\u00fcr eine Powerstation mir 2 kWh solide, aber nicht \u00fcberragend viel ist. Damit ist die tragbare Powerstation etwas limitierter bei der Versorgung von Gro\u00dfverbrauchern \u00fcber die zwei AC-Steckdosen, sollte aber f\u00fcr viele typische Einsatzgebiete langen. Dazu bringt der Hersteller in gewohnter Manier unter anderem USB-A\/C-Ports unter. Geladen wird der Solargenerator beispielsweise mit maximal 1.600 W \u00fcber das Stromnetz oder 400 W via Solareingang.&#13;<\/p>\n<p class=\"bodytext\">Die Anker Solix S2000 ist ab heute verf\u00fcgbar. Bis 27. September gibt es sie zum Startpreis von 699,99 Euro.<\/p>\n","protected":false},"excerpt":{"rendered":"Genau genommen hat die Anker Solix S2000 eine Kapazit\u00e4t von 2.010 kWh. Dank nur 10 W Verbrauch im&hellip;\n","protected":false},"author":2,"featured_media":374605,"comment_status":"","ping_status":"","sticky":false,"template":"","format":"standard","meta":{"footnotes":"","_share_on_mastodon":"0"},"categories":[3],"tags":[93777,6287,76,75,74,6285,6288,93002,6286,6281,6283,10137,6291,6290,41,6280,6282,93778,6289,93779,2017,3707,6284,5087],"class_list":["post-374604","post","type-post","status-publish","format-standard","has-post-thumbnail","category-europa","tag-anker-solix-s2000","tag-benchmarks","tag-eu","tag-europa","tag-europe","tag-forum","tag-grafikkarten","tag-ifa-2026","tag-informationen","tag-laptop","tag-laptops","tag-launch","tag-netbook","tag-netbooks","tag-news","tag-notebook","tag-notebooks","tag-powerstation","tag-prozessoren","tag-solargenerator","tag-test","tag-testbericht","tag-testberichte","tag-tests"],"share_on_mastodon":{"url":"https:\/\/pubeurope.com\/@at\/117211681514444405","error":""},"_links":{"self":[{"href":"https:\/\/www.europesays.com\/at\/wp-json\/wp\/v2\/posts\/374604","targetHints":{"allow":["GET"]}}],"collection":[{"href":"https:\/\/www.europesays.com\/at\/wp-json\/wp\/v2\/posts"}],"about":[{"href":"https:\/\/www.europesays.com\/at\/wp-json\/wp\/v2\/types\/post"}],"author":[{"embeddable":true,"href":"https:\/\/www.europesays.com\/at\/wp-json\/wp\/v2\/users\/2"}],"replies":[{"embeddable":true,"href":"https:\/\/www.europesays.com\/at\/wp-json\/wp\/v2\/comments?post=374604"}],"version-history":[{"count":0,"href":"https:\/\/www.europesays.com\/at\/wp-json\/wp\/v2\/posts\/374604\/revisions"}],"wp:featuredmedia":[{"embeddable":true,"href":"https:\/\/www.europesays.com\/at\/wp-json\/wp\/v2\/media\/374605"}],"wp:attachment":[{"href":"https:\/\/www.europesays.com\/at\/wp-json\/wp\/v2\/media?parent=374604"}],"wp:term":[{"taxonomy":"category","embeddable":true,"href":"https:\/\/www.europesays.com\/at\/wp-json\/wp\/v2\/categories?post=374604"},{"taxonomy":"post_tag","embeddable":true,"href":"https:\/\/www.europesays.com\/at\/wp-json\/wp\/v2\/tags?post=374604"}],"curies":[{"name":"wp","href":"https:\/\/api.w.org\/{rel}","templated":true}]}}