{"id":374608,"date":"2026-09-04T07:52:13","date_gmt":"2026-09-04T07:52:13","guid":{"rendered":"https:\/\/www.europesays.com\/at\/374608\/"},"modified":"2026-09-04T07:52:13","modified_gmt":"2026-09-04T07:52:13","slug":"korrektur-zu-ots0015-aviso-das-orf-zukunftsforum-offen-relevant-fuer-alle","status":"publish","type":"post","link":"https:\/\/www.europesays.com\/at\/374608\/","title":{"rendered":"Korrektur zu OTS0015: AVISO: Das ORF-Zukunftsforum. Offen. Relevant. F\u00fcr alle."},"content":{"rendered":"<p>Im Titel muss es richtig hei\u00dfen \u201eAVISO: Das ORF-Zukunftsforum. Offen. Relevant. F\u00fcr alle.\u201c <\/p>\n<p>Am Donnerstag, den 10. September 2026 und Freitag, den 11. September 2026 l\u00e4dt Vizekanzler und Medienminister Andreas Babler ins BMWKMS zum zweit\u00e4gigen ORF-Zukunftsforum. Ein breiter Beteiligungsprozess soll dazu beitragen, dass der ORF schlanker, digitaler, transparenter, b\u00fcrgern\u00e4her, regionaler und nachhaltiger wird. Gleichzeitig soll der gesamte \u00f6sterreichische Medien- und Kreativstandort gest\u00e4rkt werden. Das gesamte Programm ist <a target=\"_blank\" rel=\"noopener noreferrer nofollow\" href=\"https:\/\/www.bmwkms.gv.at\/orf-zukunftsforum\/programm.html\">hier<\/a> abrufbar. <\/p>\n<p>Die Teilnahme f\u00fcr Journalist:innen an den medien\u00f6ffentlichen Teilen der Veranstaltung im BMWKMS ist nur mit vorheriger Anmeldung bis sp\u00e4testens Mittwoch, 9. September 2026, 17:00 Uhr per Mail an <a href=\"http:\/\/www.ots.at\/cdn-cgi\/l\/email-protection#74040611070711341619031f19075a13025a1500\" rel=\"nofollow noopener\" target=\"_blank\">[email\u00a0protected]<\/a> m\u00f6glich. Bitte geben Sie dabei Ihren Namen, das Medium, Ihre Mobiltelefonnummer sowie E-Mail-Adresse an. Sp\u00e4ter eintreffende Anmeldungen k\u00f6nnen nicht ber\u00fccksichtigt werden. Bitte weisen Sie am jeweiligen Eingang einen g\u00fcltigen Presseausweis und Ihre aktuelle Akkreditierung der Redaktion vor. <\/p>\n<p>Termine f\u00fcr Medien (alle Programmpunkte im Plenum des ORF-Zukunftsforums sind medien\u00f6ffentlich): <\/p>\n<p>Donnerstag, 10. September 2026: <\/p>\n<p>09:20 Doorstep von Vizekanzler und Medienminister Andreas Babler (f\u00fcr den Doorstep ist keine Tontechnik vorgesehen. Bitte bei Bedarf Tonangeln mitnehmen.)<\/p>\n<p>10:00 Er\u00f6ffnung durch Vizekanzler und Medienminister Andreas Babler<\/p>\n<p>10:25\u201310:40 Weichen stellen. Ingrid Thurnher, Generaldirektorin ORF<\/p>\n<p>10:40\u201311:15 KEYNOTE: Zur Rolle \u00f6ffentlich-rechtlicher Medien im digitalen Umfeld. Annika Sehl, Inhaberin Lehrstuhl f\u00fcr Journalistik, KU Eichstatt-Ingolstadt; anschlie\u00dfend Fragen und Diskussion<\/p>\n<p>11:35\u201312:10 Panel: Erwartungen an das ORF-Zukunftsforum. Mediensprecher:innen der Parlamentsparteien<\/p>\n<p>12:10\u201312:45 Pr\u00e4sentation der Ergebnisse aus Online-Konsultation, Fokusgruppen und Jugend-Workshop. Matthias Rohrer, Gesch\u00e4ftsf\u00fchrer Das Zielgruppen B\u00fcro<\/p>\n<p>17:00\u201317:50 Panel: &#8222;Ein ORF f\u00fcr alle? Perspektiven aus Unterhaltung, Kunst, Kultur und Sport\u201c. Anna Buchegger, S\u00e4ngerin, Marina Lackovi\u0107 alias Malarina, Kabarettistin, Ralf Rangnick, Teamchef der M\u00e4nner-Fu\u00dfball-Nationalmannschaft, Jakob Schubert, mehrfacher Kletter-Weltmeister, Anna Weidenholzer, Schriftstellerin <\/p>\n<p>Freitag, 11. September 2026 <\/p>\n<p>09:00\u201309:40 KEYNOTE: Die SRG im Aufbruch &#8211; \u00d6ffentlichkeit, Vertrauen und Relevanz im digitalen Zeitalter. Susanne Wille, Generaldirektorin Schweizerische Radio- und Fernsehgesellschaft (SRG); anschlie\u00dfend Fragen und Diskussion <\/p>\n<p>11:20\u201312:25 Pr\u00e4sentation der Ergebnisse der Arbeitsgruppen<\/p>\n<p>12:25\u201312:50 Panel: Bilanz zum ORF-Zukunftsforum. Mediensprecher:innen der Parlamentsparteien <\/p>\n<p>12:50\u201313:15 Ein ORF, dem \u00d6sterreich vertraut. Clemens Pig, gew\u00e4hlter Generaldirektor ORF <\/p>\n<p>13:15\u201313:35 Fazit und Ausblick. Andreas Babler, Vizekanzler und Medienminister<\/p>\n<p>Ort: BMWKMS, Radetzkystra\u00dfe 2, 1030 Wien <\/p>\n<p>Das ORF-Zukunftsforum wird via ORF III live oder zeitversetzt sowie via Livestream auf ORF ON ausgestrahlt. Zus\u00e4tzlich stellt das BMWKMS einen Livestream unter <a target=\"_blank\" rel=\"noopener noreferrer nofollow\" href=\"https:\/\/www.bmwkms.gv.at\">bmwkms.gv.at<\/a> zur Verf\u00fcgung. <\/p>\n","protected":false},"excerpt":{"rendered":"Im Titel muss es richtig hei\u00dfen \u201eAVISO: Das ORF-Zukunftsforum. Offen. Relevant. F\u00fcr alle.\u201c Am Donnerstag, den 10. September&hellip;\n","protected":false},"author":2,"featured_media":374609,"comment_status":"","ping_status":"","sticky":false,"template":"","format":"standard","meta":{"footnotes":"","_share_on_mastodon":"0"},"categories":[6],"tags":[26393,26395,46,42,9922,93780,1572,996,44,26394,43,45],"class_list":["post-374608","post","type-post","status-publish","format-standard","has-post-thumbnail","category-oesterreich","tag-apa","tag-apa-ots","tag-at","tag-austria","tag-babler","tag-bmwkms","tag-medien","tag-orf","tag-oesterreich","tag-ots","tag-republic-of-austria","tag-republik-oesterreich"],"share_on_mastodon":{"url":"https:\/\/pubeurope.com\/@at\/117211689362841206","error":""},"_links":{"self":[{"href":"https:\/\/www.europesays.com\/at\/wp-json\/wp\/v2\/posts\/374608","targetHints":{"allow":["GET"]}}],"collection":[{"href":"https:\/\/www.europesays.com\/at\/wp-json\/wp\/v2\/posts"}],"about":[{"href":"https:\/\/www.europesays.com\/at\/wp-json\/wp\/v2\/types\/post"}],"author":[{"embeddable":true,"href":"https:\/\/www.europesays.com\/at\/wp-json\/wp\/v2\/users\/2"}],"replies":[{"embeddable":true,"href":"https:\/\/www.europesays.com\/at\/wp-json\/wp\/v2\/comments?post=374608"}],"version-history":[{"count":0,"href":"https:\/\/www.europesays.com\/at\/wp-json\/wp\/v2\/posts\/374608\/revisions"}],"wp:featuredmedia":[{"embeddable":true,"href":"https:\/\/www.europesays.com\/at\/wp-json\/wp\/v2\/media\/374609"}],"wp:attachment":[{"href":"https:\/\/www.europesays.com\/at\/wp-json\/wp\/v2\/media?parent=374608"}],"wp:term":[{"taxonomy":"category","embeddable":true,"href":"https:\/\/www.europesays.com\/at\/wp-json\/wp\/v2\/categories?post=374608"},{"taxonomy":"post_tag","embeddable":true,"href":"https:\/\/www.europesays.com\/at\/wp-json\/wp\/v2\/tags?post=374608"}],"curies":[{"name":"wp","href":"https:\/\/api.w.org\/{rel}","templated":true}]}}