{"id":374616,"date":"2026-09-04T07:57:15","date_gmt":"2026-09-04T07:57:15","guid":{"rendered":"https:\/\/www.europesays.com\/at\/374616\/"},"modified":"2026-09-04T07:57:15","modified_gmt":"2026-09-04T07:57:15","slug":"sk-sturm-graz-erwartet-enorm-intensives-cupspiel-in-voitsberg","status":"publish","type":"post","link":"https:\/\/www.europesays.com\/at\/374616\/","title":{"rendered":"SK Sturm Graz erwartet &#8222;enorm intensives Cupspiel&#8220; in Voitsberg"},"content":{"rendered":"<p>\t\t\t\t\t\t\t\t\t\t\t\t\t\t\t <img decoding=\"async\" src=\"https:\/\/www.europesays.com\/at\/wp-content\/uploads\/2026\/09\/team-774-large.png\" alt=\"\"\/> <\/p>\n<p>\t\t\t\t\t\t\t\t\t\t\t\t\t\t\t <img decoding=\"async\" src=\"https:\/\/www.europesays.com\/at\/wp-content\/uploads\/2026\/09\/1788508634_178_sturm-graz.png\" alt=\"\"\/> <\/p>\n<p>Bundesliga-Vizemeister\u00a0<a href=\"https:\/\/ticker.ligaportal.at\/mannschaft\/1715\/sk-sturm-graz\" rel=\"nofollow noopener\" target=\"_blank\">SK Sturm Graz<\/a> trifft in der zweiten Runde des \u00d6FB-Cups am Samstag auf Zweitliga-R\u00fcckkehrer\u00a0<a href=\"https:\/\/ticker.ligaportal.at\/mannschaft\/774\/ask-voitsberg\" rel=\"nofollow noopener\" target=\"_blank\">ASK Voitsberg<\/a>.\u00a0Dieser Steirer-Schlager\u00a0findet im ausverkauften M\u00fcnzer Bioindustrie Sportpark statt (ab 15:30 Uhr im <a href=\"https:\/\/ticker.ligaportal.at\/live-ticker\/1305807\/ask-voitsberg-gegen-sk-sturm-graz\" rel=\"nofollow noopener\" target=\"_blank\">Ligaportal-LIVETICKER<\/a>). Nach zuletzt mauen Resultaten wollen die Grazer, begleitet von \u00fcber 600 schwarz-wei\u00dfen Anh\u00e4ngern, im Pokal m\u00f6glichst souver\u00e4n ins Achtelfinale aufsteigen.\u00a0Als Schiedsrichter der Partie wird Isa Simsek fungieren.<\/p>\n<p><img decoding=\"async\" src=\"https:\/\/www.europesays.com\/at\/wp-content\/uploads\/2026\/09\/kiteishvili-otar-sturm-graz-vs-pogon-stettin-15-07-2026-ripu.jpg\" alt=\"kiteishvili otar sturm graz vs pogon stettin 15 07 2026 ripu\"\/><\/p>\n<p>Kiteishvili (r.) kehrt nach seiner hartn\u00e4ckigen Wadenverletzung zur\u00fcck.<\/p>\n<p>&#8222;&#8230;auf dem Weg nach Klagenfurt&#8220;<\/p>\n<p>Cheftrainer Fabio Ingolitsch betont: \u201eWir wissen, dass uns in Voitsberg ein enorm intensives Cupspiel erwartet. Gerade ausw\u00e4rts gegen einen hochmotivierten Gegner aus der zweiten Liga geht es darum, von der ersten Minute an die richtige Einstellung und Intensit\u00e4t auf den Platz zu bringen. Wir haben gro\u00dfen Respekt vor Voitsberg, wollen aber gleichzeitig unsere Qualit\u00e4t zeigen und das Spiel aktiv gestalten. <\/p>\n<p>Speziell in einem K.-o.-Bewerb wie dem Cup entscheiden oft Kleinigkeiten, deshalb wird es auf volle Konzentration, h\u00f6chste Intensit\u00e4t in den Zweik\u00e4mpfen und die Konsequenz in beiden Strafr\u00e4umen ankommen. F\u00fcr uns hat der Cup einen sehr hohen Stellenwert, unser klares Ziel f\u00fcr Samstag ist es deshalb, in Voitsberg den n\u00e4chsten Schritt auf dem Weg nach Klagenfurt zu machen.\u201c<\/p>\n<p>&#8222;Kite&#8220; und Rozga vor\u00a0Comeback<\/p>\n<p>Ingolitsch zur Personalsituation: \u201eIn Sachen Kader gibt es sehr gute Neuigkeiten, Oumar Diakite wird uns aufgrund der noch ausstehenden Spielgenehmigung zwar noch nicht zur Verf\u00fcgung stehen, daf\u00fcr stehen Otar Kiteishvili und Filip Rozga nach einer guten Trainingswoche vor der R\u00fcckkehr. Albert Vallci wird uns nach seiner Roten Karte am Samstag fehlen.&#8220;<\/p>\n<p>Fotocredit: RiPu-Sportfotos<\/p>\n","protected":false},"excerpt":{"rendered":"Bundesliga-Vizemeister\u00a0SK Sturm Graz trifft in der zweiten Runde des \u00d6FB-Cups am Samstag auf Zweitliga-R\u00fcckkehrer\u00a0ASK Voitsberg.\u00a0Dieser Steirer-Schlager\u00a0findet im ausverkauften&hellip;\n","protected":false},"author":2,"featured_media":374617,"comment_status":"","ping_status":"","sticky":false,"template":"","format":"standard","meta":{"footnotes":"","_share_on_mastodon":"0"},"categories":[29],"tags":[19359,46,42,4241,183,5719,44,1072],"class_list":["post-374616","post","type-post","status-publish","format-standard","has-post-thumbnail","category-graz","tag-ask-voitsberg","tag-at","tag-austria","tag-fabio-ingolitsch","tag-graz","tag-oefb-cup","tag-oesterreich","tag-sk-sturm-graz"],"share_on_mastodon":{"url":"https:\/\/pubeurope.com\/@at\/117211709740570604","error":""},"_links":{"self":[{"href":"https:\/\/www.europesays.com\/at\/wp-json\/wp\/v2\/posts\/374616","targetHints":{"allow":["GET"]}}],"collection":[{"href":"https:\/\/www.europesays.com\/at\/wp-json\/wp\/v2\/posts"}],"about":[{"href":"https:\/\/www.europesays.com\/at\/wp-json\/wp\/v2\/types\/post"}],"author":[{"embeddable":true,"href":"https:\/\/www.europesays.com\/at\/wp-json\/wp\/v2\/users\/2"}],"replies":[{"embeddable":true,"href":"https:\/\/www.europesays.com\/at\/wp-json\/wp\/v2\/comments?post=374616"}],"version-history":[{"count":0,"href":"https:\/\/www.europesays.com\/at\/wp-json\/wp\/v2\/posts\/374616\/revisions"}],"wp:featuredmedia":[{"embeddable":true,"href":"https:\/\/www.europesays.com\/at\/wp-json\/wp\/v2\/media\/374617"}],"wp:attachment":[{"href":"https:\/\/www.europesays.com\/at\/wp-json\/wp\/v2\/media?parent=374616"}],"wp:term":[{"taxonomy":"category","embeddable":true,"href":"https:\/\/www.europesays.com\/at\/wp-json\/wp\/v2\/categories?post=374616"},{"taxonomy":"post_tag","embeddable":true,"href":"https:\/\/www.europesays.com\/at\/wp-json\/wp\/v2\/tags?post=374616"}],"curies":[{"name":"wp","href":"https:\/\/api.w.org\/{rel}","templated":true}]}}