{"id":374636,"date":"2026-09-04T08:11:13","date_gmt":"2026-09-04T08:11:13","guid":{"rendered":"https:\/\/www.europesays.com\/at\/374636\/"},"modified":"2026-09-04T08:11:13","modified_gmt":"2026-09-04T08:11:13","slug":"mehrheit-in-oesterreich-glaubt-nicht-an-sinn-von-ffp2-masken","status":"publish","type":"post","link":"https:\/\/www.europesays.com\/at\/374636\/","title":{"rendered":"Mehrheit in \u00d6sterreich glaubt nicht an Sinn von FFP2-Masken"},"content":{"rendered":"<p class=\"MuiTypography-root MuiTypography-body1 mui-1bbyacl\">Umfrage<\/p>\n<p class=\"MuiTypography-root MuiTypography-body1 mui-14q5hxa\">Ver\u00f6ffentlicht: Vor 33 Minuten<\/p>\n<p>von Quelle: APA, JOYN  News<\/p>\n<p class=\"MuiTypography-root MuiTypography-body1 mui-1foiij2\">SAT.1-Fr\u00fchst\u00fccksfernsehen am Sonntag<\/p>\n<p class=\"MuiTypography-root MuiTypography-body1 mui-1agghpn\">Gesundheitsmythen: Was stimmt?<\/p>\n<p class=\"MuiTypography-root MuiTypography-body1 mui-1er050d\">Videoclip \u2022 06:07 Min \u2022 Ab 12<\/p>\n<p class=\"MuiTypography-root MuiTypography-body1 mui-1qsr6u5\" data-testid=\"intro-paragraph\">Sechs Jahre nach Ausbruch der Coronapandemie sind die \u00d6sterreicher klare Maskenmuffel. Das zeigt eine IMAS-Umfrage, deren Ergebnisse am Freitag ver\u00f6ffentlicht wurden. Demnach tragen nicht nur drei F\u00fcnftel nie eine FFP2-Maske, sondern die Mehrheit w\u00fcrde auch im Fall einer k\u00fcnftigen Infektionswelle nicht freiwillig zur Maske greifen und h\u00e4lt entsprechende Empfehlungen in Pflegeheimen oder Spit\u00e4lern nicht f\u00fcr sinnvoll.<\/p>\n<p class=\"MuiTypography-root MuiTypography-body1 mui-1pymq60\" data-testid=\"paragraph\">Die Meinungsforscher haben im Juli 1.005 Personen \u00fcber 16 Jahren befragt. 62 Prozent von ihnen gaben an, nie eine FFP2-Maske zu tragen, 19 Prozent setzen sie zu speziellen Anl\u00e4ssen auf.<\/p>\n<p class=\"MuiTypography-root MuiTypography-body1 mui-1pymq60\" data-testid=\"paragraph\">Eine kleine Minderheit von vier Prozent greift zumindest w\u00f6chentlich zu einer Maske. Wenn sie jemanden mit Maske sehen, vermuten 51 Prozent, dass sich die Tr\u00e4gerin bzw. der Tr\u00e4ger selbst sch\u00fctzen will, 30 Prozent glauben, dass die Person ihr Umfeld sch\u00fctzen will, der Rest gab keine Einsch\u00e4tzung ab.<\/p>\n<p>Mehrheit w\u00fcrde bei Infektionswelle keine Maske aufsetzen<\/p>\n<p class=\"MuiTypography-root MuiTypography-body1 mui-1pymq60\" data-testid=\"paragraph\">Zwar w\u00fcrden sich 45 bzw. 44 Prozent w\u00fcnschen, dass Menschen mit Krankheitssymptomen im Spital bzw. beim Arzt eine Maske aufsetzen, 39 Prozent f\u00e4llt aber gar keine Situation ein, in denen sie den Mundschutz bei ihren Mitmenschen sehen wollen. Je rund ein Viertel w\u00fcrde das Maskentragen bei Krankheitssymptomen in Warter\u00e4umen oder \u00d6ffis f\u00fcr sinnvoll erachten. Tendenziell steigt die Bereitschaft, eine Maske zu tragen mit dem Alter und dem Bildungsniveau.<\/p>\n<p class=\"MuiTypography-root MuiTypography-body1 mui-1pymq60\" data-testid=\"paragraph\">W\u00fcrde wieder eine Infektionswelle auf uns zurollen, w\u00fcrden 40 Prozent freiwillig eine FFP2-Maske aufsetzen und 51 Prozent nicht. 39 Prozent w\u00fcrden die Empfehlung, bei Krankheitssymptomen in Einrichtungen wie Pflegeheimen oder Spit\u00e4lern eine Maske zu tragen, gut finden, 49 Prozent lehnen das ab. Zw\u00f6lf Prozent machten dazu keine Angabe.<\/p>\n<p>51 Prozent bezweifeln Sinn von Maske<\/p>\n<p class=\"MuiTypography-root MuiTypography-body1 mui-1pymq60\" data-testid=\"paragraph\">Gefragt, ob sie das Maskentragen als Schutz vor Erkrankungen grunds\u00e4tzlich sinnvoll finden, zeigten sich die Befragten gespalten: 43 Prozent halten die Maske prinzipiell f\u00fcr sinnvoll, 51 Prozent nicht &#8211; wobei in den vier von IMAS zur Auswahl gestellten Abstufungen sehr sinnvoll\/eher sinnvoll und eher nicht sinnvoll\/\u00fcberhaupt nicht sinnvoll die Totalverweigerer mit 33 Prozent die gr\u00f6\u00dfte Gruppe ausmachen.<\/p>\n<p>Mehr entdecken<\/p>\n","protected":false},"excerpt":{"rendered":"Umfrage Ver\u00f6ffentlicht: Vor 33 Minuten von Quelle: APA, JOYN News SAT.1-Fr\u00fchst\u00fccksfernsehen am Sonntag Gesundheitsmythen: Was stimmt? Videoclip \u2022&hellip;\n","protected":false},"author":2,"featured_media":374637,"comment_status":"","ping_status":"","sticky":false,"template":"","format":"standard","meta":{"footnotes":"","_share_on_mastodon":"0"},"categories":[6],"tags":[46,42,44,43,45],"class_list":["post-374636","post","type-post","status-publish","format-standard","has-post-thumbnail","category-oesterreich","tag-at","tag-austria","tag-oesterreich","tag-republic-of-austria","tag-republik-oesterreich"],"share_on_mastodon":{"url":"https:\/\/pubeurope.com\/@at\/117211764168551811","error":""},"_links":{"self":[{"href":"https:\/\/www.europesays.com\/at\/wp-json\/wp\/v2\/posts\/374636","targetHints":{"allow":["GET"]}}],"collection":[{"href":"https:\/\/www.europesays.com\/at\/wp-json\/wp\/v2\/posts"}],"about":[{"href":"https:\/\/www.europesays.com\/at\/wp-json\/wp\/v2\/types\/post"}],"author":[{"embeddable":true,"href":"https:\/\/www.europesays.com\/at\/wp-json\/wp\/v2\/users\/2"}],"replies":[{"embeddable":true,"href":"https:\/\/www.europesays.com\/at\/wp-json\/wp\/v2\/comments?post=374636"}],"version-history":[{"count":0,"href":"https:\/\/www.europesays.com\/at\/wp-json\/wp\/v2\/posts\/374636\/revisions"}],"wp:featuredmedia":[{"embeddable":true,"href":"https:\/\/www.europesays.com\/at\/wp-json\/wp\/v2\/media\/374637"}],"wp:attachment":[{"href":"https:\/\/www.europesays.com\/at\/wp-json\/wp\/v2\/media?parent=374636"}],"wp:term":[{"taxonomy":"category","embeddable":true,"href":"https:\/\/www.europesays.com\/at\/wp-json\/wp\/v2\/categories?post=374636"},{"taxonomy":"post_tag","embeddable":true,"href":"https:\/\/www.europesays.com\/at\/wp-json\/wp\/v2\/tags?post=374636"}],"curies":[{"name":"wp","href":"https:\/\/api.w.org\/{rel}","templated":true}]}}