{"id":374644,"date":"2026-09-04T08:15:12","date_gmt":"2026-09-04T08:15:12","guid":{"rendered":"https:\/\/www.europesays.com\/at\/374644\/"},"modified":"2026-09-04T08:15:12","modified_gmt":"2026-09-04T08:15:12","slug":"ausstellung-klang-und-farbe-im-brucknerhaus-verbindet-musik-und-malerei","status":"publish","type":"post","link":"https:\/\/www.europesays.com\/at\/374644\/","title":{"rendered":"Ausstellung \u201eKlang und Farbe\u201c im Brucknerhaus verbindet Musik und Malerei"},"content":{"rendered":"<p>LINZ. Im Rahmen des Brucknerfestes Linz ist ab Donnerstag, 17. September, eine besondere Kunst-Ausstellung im Brucknerhaus zu sehen. <\/p>\n<p data-hyphen-offsets=\"59,122,150,153,182,241,332,352,355,360,484,486,544,547,676,679\">Im Rahmen des Unterrichtsfachs \u201eKlang und Farbe\u201c an der Landesmusikschule Kirchdorf setzten sich im Bruckner-Jahr 2024 Menschen mit Behinderung des Instituts \u201eSch\u00f6n f\u00fcr besondere Menschen\u201c auf kreative Weise mit Bruckner und seiner Musik auseinander. <\/p>\n<p>Erweiterte Schau<\/p>\n<p data-hyphen-offsets=\"59,122,150,153,182,241,332,352,355,360,484,486,544,547,676,679\">Dabei entstand eine au\u00dfergew\u00f6hnliche Werkserie von Portr\u00e4t-\u00dcbermalungen, die seitdem um bedeutende Musikschaffende erweitert wurde \u2013 darunter Tschaikowski, Clara Schumann, Franz Schubert und viele andere. Die Bilder er\u00f6ffnen einen ungewohnten Blick auf die Welt der klassischen Musik. <\/p>\n<p>Vernissage<\/p>\n<p data-hyphen-offsets=\"59,122,150,153,182,241,332,352,355,360,484,486,544,547,676,679\">Im Brucknerhaus (Foyer und Mittlerer Saal) wird am 17. September, 18 Uhr, zur Vernissage geladen. Er\u00f6ffnet wird sie von Hubert Nitsch, Kunstpastoral der Di\u00f6zese Linz. Musik kommt von der Band \u201eSch\u00f6n und Laut\u201c. Projektleitung: Manfred Sch\u00f6ller.<\/p>\n<p class=\"i_pa1\" data-hyphen-offsets=\"166,168\">Der Eintritt ist frei, kostenlose Z\u00e4hlkarten f\u00fcr die Vernissage gibt&#8217;s ab sofort im Brucknerhaus Service-Center. Zu sehen bis Brucknerfest-Ende zu den Kassa-\u00d6ffnungszeiten. <\/p>\n<p class=\"i_pa1\" data-hyphen-offsets=\"166,168\">Weitere Infos unter <a data-mce-href=\"https:\/\/www.brucknerhaus.at\/programm\/veranstaltungen\/klang-und-farbe-17.09.2026-18-00\" data-mce-selected=\"inline-boundary\" rel=\"nofollow noopener\" target=\"_blank\" href=\"https:\/\/www.brucknerhaus.at\/programm\/veranstaltungen\/klang-und-farbe-17.09.2026-18-00\" title=\"Brucknerfest\">brucknerfest.at<\/a><\/p>\n","protected":false},"excerpt":{"rendered":"LINZ. Im Rahmen des Brucknerfestes Linz ist ab Donnerstag, 17. September, eine besondere Kunst-Ausstellung im Brucknerhaus zu sehen.&hellip;\n","protected":false},"author":2,"featured_media":374645,"comment_status":"","ping_status":"","sticky":false,"template":"","format":"standard","meta":{"footnotes":"","_share_on_mastodon":"0"},"categories":[30],"tags":[93788,46,2210,42,26623,55185,1249,20825,184,44,93086,15016],"class_list":["post-374644","post","type-post","status-publish","format-standard","has-post-thumbnail","category-linz","tag-17-september","tag-at","tag-ausstellung","tag-austria","tag-bruckner","tag-brucknerfest","tag-brucknerhaus","tag-eintritt-frei","tag-linz","tag-oesterreich","tag-schoen-fuer-besondere-menschen","tag-vernissage"],"share_on_mastodon":{"url":"https:\/\/pubeurope.com\/@at\/117211780018704229","error":""},"_links":{"self":[{"href":"https:\/\/www.europesays.com\/at\/wp-json\/wp\/v2\/posts\/374644","targetHints":{"allow":["GET"]}}],"collection":[{"href":"https:\/\/www.europesays.com\/at\/wp-json\/wp\/v2\/posts"}],"about":[{"href":"https:\/\/www.europesays.com\/at\/wp-json\/wp\/v2\/types\/post"}],"author":[{"embeddable":true,"href":"https:\/\/www.europesays.com\/at\/wp-json\/wp\/v2\/users\/2"}],"replies":[{"embeddable":true,"href":"https:\/\/www.europesays.com\/at\/wp-json\/wp\/v2\/comments?post=374644"}],"version-history":[{"count":0,"href":"https:\/\/www.europesays.com\/at\/wp-json\/wp\/v2\/posts\/374644\/revisions"}],"wp:featuredmedia":[{"embeddable":true,"href":"https:\/\/www.europesays.com\/at\/wp-json\/wp\/v2\/media\/374645"}],"wp:attachment":[{"href":"https:\/\/www.europesays.com\/at\/wp-json\/wp\/v2\/media?parent=374644"}],"wp:term":[{"taxonomy":"category","embeddable":true,"href":"https:\/\/www.europesays.com\/at\/wp-json\/wp\/v2\/categories?post=374644"},{"taxonomy":"post_tag","embeddable":true,"href":"https:\/\/www.europesays.com\/at\/wp-json\/wp\/v2\/tags?post=374644"}],"curies":[{"name":"wp","href":"https:\/\/api.w.org\/{rel}","templated":true}]}}