{"id":374650,"date":"2026-09-04T08:18:08","date_gmt":"2026-09-04T08:18:08","guid":{"rendered":"https:\/\/www.europesays.com\/at\/374650\/"},"modified":"2026-09-04T08:18:08","modified_gmt":"2026-09-04T08:18:08","slug":"spencer-hill-festival-in-ilmenau-tausende-fans-feiern-bud-spencer-und-terence-hill","status":"publish","type":"post","link":"https:\/\/www.europesays.com\/at\/374650\/","title":{"rendered":"Spencer-Hill-Festival in Ilmenau: Tausende Fans feiern Bud Spencer und Terence Hill"},"content":{"rendered":"<p>Ein Halleluja f\u00fcr vier F\u00e4usteIlmenau feiert Bud Spencer und Terence Hill<\/p>\n<p>04.09.2026, 08:36 Uhr <\/p>\n<p>Artikel anh\u00f6ren(03:00 min)<\/p>\n<p><img decoding=\"async\" class=\"Image_img__fQCi0 Image_Img_16_9__4BLfH widget-picture-inline_maximizable__t_E7h\" loading=\"eager\" fetchpriority=\"high\" src=\"https:\/\/www.europesays.com\/at\/wp-content\/uploads\/2026\/09\/545607875.webp\" alt=\"545607875\"\/>Achtung, Abbildung nur \u00e4hnlich: Zwei Fans von Terence Hill (l.) und Bud Spencer auf dem Festival zu Ehren der Filmstars in Ilmenau 2025. (Foto: picture alliance\/dpa)<\/p>\n<p class=\"Typography_text-m__XI0da Typography_weight-bold__uT6mq storyline_lead_text_leadtext__q_wg8\">Bud Spencer ist seit zehn Jahren tot. Terence Hill ist mittlerweile 87. Doch das Haudrauf-Duo, mit dessen Filmen ganze Generationen aufgewachsen sind, ist unvergessen. Im th\u00fcringischen Ilmenau wird es nun mal wieder gefeiert.<\/p>\n<p class=\"Typography_text-default__P3otY Typography_weight-normal__pqUbH storyline_paragraph_p__qSR5N\">Ilmenau wird wieder zu &#8222;Hillmenau&#8220;: Fans von Terence Hill und Bud Spencer str\u00f6men ab Donnerstagabend bis einschlie\u00dflich Sonntag in die S\u00fcdth\u00fcringer Stadt. Eine Wrestling-Show, Stunt-Leute, Schauspieler und Synchronsprecher der Haudrauf-Kom\u00f6dien der beiden Mimen werden erwartet, wie ein Presseverantwortlicher f\u00fcr das Spencer-Hill-Festival sagte.<\/p>\n<p class=\"Typography_text-default__P3otY Typography_weight-normal__pqUbH storyline_paragraph_p__qSR5N\">Auch Familienmitglieder des 2016 gestorbenen Spencer und m\u00f6glicherweise Hill selbst sollen dem mehrt\u00e4gigen Fan-Fest einen Besuch abstatten. Daneben stehen etwa Live-Musik, Filmvorf\u00fchrungen und ein Western-Abenteuer-Theater auf dem Programm. Letzteres haben Fans aus den Italo-Western von Spencer und Hill entwickelt, so Sprecher Claus Fr\u00f6mming.<\/p>\n<p class=\"Typography_text-default__P3otY Typography_weight-normal__pqUbH storyline_paragraph_p__qSR5N\">Dazu kommen etwa auch Double-Shows und ein Bohnen-Wettessen. &#8222;Wir rechnen mit mehr als 20.000 G\u00e4sten&#8220;, sagte Fr\u00f6mming. L\u00e4ngst k\u00e4men nicht nur \u00e4ltere M\u00e4nner, sondern auch Familien und j\u00fcngere Besucher zu dem Fan-Treffen.<\/p>\n<p>18 gemeinsame Filme<\/p>\n<p class=\"Typography_text-default__P3otY Typography_weight-normal__pqUbH storyline_paragraph_p__qSR5N\">Der Italiener Bud Spencer &#8211; b\u00fcrgerlich Carlo Pedersoli &#8211; und der als Sohn einer Deutschen und eines Italieners geborene Terence Hill, der eigentlich Mario Girotti hei\u00dft, spielten gemeinsam in 18 Filmen. Ber\u00fchmt wurden sie mit Western-Parodien wie &#8222;Vier F\u00e4uste f\u00fcr ein Halleluja&#8220; oder der Abenteuerkom\u00f6die &#8222;Zwei Himmelhunde auf dem Weg zur H\u00f6lle&#8220;: W\u00e4hrend sie markige Spr\u00fcche klopften, legten sich Spencer als m\u00fcrrischer Dickkopf und der blonde Hill mit stahlblauen Augen darin mit Schurken und \u00dcbelt\u00e4tern an.<\/p>\n<p class=\"Typography_text-default__P3otY Typography_weight-normal__pqUbH storyline_paragraph_p__qSR5N\">Fr\u00f6mming hat derweil eine Vermutung, warum die Streifen des Duos selbst Jahrzehnte sp\u00e4ter noch von so vielen Menschen als Kult gefeiert werden: &#8222;Ich glaube, es ist die Mischung aus vor allen Dingen dem Humor &#8211; den muss man m\u00f6gen, den derben Humor -, dann das Abenteuer, und dann haben die beiden immer einfach Gute gespielt.&#8220;<\/p>\n<p class=\"Typography_text-default__P3otY Typography_weight-normal__pqUbH storyline_paragraph_p__qSR5N\">Die beiden h\u00e4tten die Helden gespielt, die es den B\u00f6sen schwermachten. &#8222;Das ist vielleicht das Geheimrezept: Gerade in der heutigen Zeit, in der es viele Schurken gibt, sehnt man sich nach Helden wie Bud und Terence.&#8220;<\/p>\n<p class=\"Typography_text-default__P3otY Typography_weight-normal__pqUbH storyline_paragraph_p__qSR5N\">Das Spencer-Hill-Festival gibt es seit 2001 an verschiedenen Orten in Deutschland. In Ilmenau kamen die Fans schon mehrfach zusammen. <\/p>\n<p class=\"Typography_text-s__wu_cm Typography_weight-normal__pqUbH Typography_color-darkgrey__sZEnP article-detail-footer_source__KslPc\">Quelle: ntv.de, vpr\/dpa<\/p>\n","protected":false},"excerpt":{"rendered":"Ein Halleluja f\u00fcr vier F\u00e4usteIlmenau feiert Bud Spencer und Terence Hill 04.09.2026, 08:36 Uhr Artikel anh\u00f6ren(03:00 min) Achtung,&hellip;\n","protected":false},"author":2,"featured_media":374651,"comment_status":"","ping_status":"","sticky":false,"template":"","format":"standard","meta":{"footnotes":"","_share_on_mastodon":"0"},"categories":[27],"tags":[46,42,59772,175,147,208,152,44,176,33047,1489,148,6492],"class_list":["post-374650","post","type-post","status-publish","format-standard","has-post-thumbnail","category-prominente","tag-at","tag-austria","tag-bud-spencer","tag-celebrities","tag-entertainment","tag-film","tag-kino","tag-oesterreich","tag-prominente","tag-terence-hill","tag-thueringen","tag-unterhaltung","tag-western"],"share_on_mastodon":{"url":"https:\/\/pubeurope.com\/@at\/117211792425636257","error":""},"_links":{"self":[{"href":"https:\/\/www.europesays.com\/at\/wp-json\/wp\/v2\/posts\/374650","targetHints":{"allow":["GET"]}}],"collection":[{"href":"https:\/\/www.europesays.com\/at\/wp-json\/wp\/v2\/posts"}],"about":[{"href":"https:\/\/www.europesays.com\/at\/wp-json\/wp\/v2\/types\/post"}],"author":[{"embeddable":true,"href":"https:\/\/www.europesays.com\/at\/wp-json\/wp\/v2\/users\/2"}],"replies":[{"embeddable":true,"href":"https:\/\/www.europesays.com\/at\/wp-json\/wp\/v2\/comments?post=374650"}],"version-history":[{"count":0,"href":"https:\/\/www.europesays.com\/at\/wp-json\/wp\/v2\/posts\/374650\/revisions"}],"wp:featuredmedia":[{"embeddable":true,"href":"https:\/\/www.europesays.com\/at\/wp-json\/wp\/v2\/media\/374651"}],"wp:attachment":[{"href":"https:\/\/www.europesays.com\/at\/wp-json\/wp\/v2\/media?parent=374650"}],"wp:term":[{"taxonomy":"category","embeddable":true,"href":"https:\/\/www.europesays.com\/at\/wp-json\/wp\/v2\/categories?post=374650"},{"taxonomy":"post_tag","embeddable":true,"href":"https:\/\/www.europesays.com\/at\/wp-json\/wp\/v2\/tags?post=374650"}],"curies":[{"name":"wp","href":"https:\/\/api.w.org\/{rel}","templated":true}]}}