{"id":374662,"date":"2026-09-04T08:25:13","date_gmt":"2026-09-04T08:25:13","guid":{"rendered":"https:\/\/www.europesays.com\/at\/374662\/"},"modified":"2026-09-04T08:25:13","modified_gmt":"2026-09-04T08:25:13","slug":"knutsch-fotos-oesterreich-staunt-ueber-diese-trikot-vorstellung-sport","status":"publish","type":"post","link":"https:\/\/www.europesays.com\/at\/374662\/","title":{"rendered":"Knutsch-Fotos: \u00d6sterreich staunt \u00fcber diese Trikot-Vorstellung | Sport"},"content":{"rendered":"<p><a class=\"skip-content skip-content--link\" href=\"#in-content-skip-link-target-v-0-0\">TTS-Player \u00fcberspringen\u21b5<\/a><a id=\"in-content-skip-link-target-v-0-0\" class=\"skip-content--target-link-hidden skip-content skip-content--target-link\" href=\"#in-content-skip-link-target-v-0-0\">Artikel weiterlesen<\/a><\/p>\n<p>Wien \u2013 Au\u00dfergew\u00f6hnliche Vorstellung des neuen Trikots. Mit ganz viel Liebe pr\u00e4sentierte der \u00f6sterreichische Klub Austria Wien jetzt sein neues Shirt. Eigenen Angaben nach ist es inspiriert von den Mustern aus Gustav Klimts \u201eDer Kuss\u201c.<\/p>\n<p>Auf der <a href=\"https:\/\/fk-austria.at\/news\/unser-kunsttrikot\" target=\"_blank\" rel=\"nofollow noopener\" class=\"text-link\">Klub-Homepage<\/a> erkl\u00e4rt der Klub zum leidenschaftlich roten \u201eKunsttrikot\u201c, auf dem die Logos der Sponsoren in Gold gl\u00e4nzen: \u201eLiebe kennt viele Formen. Ein Kuss. Ein Gef\u00fchl. Ein Moment. Sie vereint Menschen. Sie verbindet Generationen. Sie schafft Erinnerungen. 5 Geschichten und ein Trikot, das sie zu ihrer eigenen Interpretation inspiriert.\u201c Verschiedene Paare sprechen in einem Video dazu \u00fcber die Liebe zueinander und die zum Verein.<\/p>\n<p><img decoding=\"async\" width=\"992\" height=\"1178\" alt=\"Lea und Jeannine (l.)\" loading=\"lazy\" src=\"https:\/\/www.europesays.com\/at\/wp-content\/uploads\/2026\/09\/0bdf46336ef44e0a006d280d5ecaf3d8,2e9dbc10.jpeg\"   class=\"portrait\"\/><\/p>\n<p class=\"fig__caption__text\">Lea und Jeannine<\/p>\n<p>Foto: FK Austria Wien<\/p>\n<p>Fans knutschen im neuen Trikot<\/p>\n<p>Fan Robert: \u201eDie Liebe zur eigenen Familie und speziell zur Hannah, aber auch die Liebe zum Verein, die ist einfach riesengro\u00df. Und das wird ein Leben lang so bleiben, in guten und in schlechten Zeiten.\u201c <\/p>\n<p>Zwar sei die Farbe der Liebe im Fu\u00dfball f\u00fcr die Paare violett, weil diese auch die des Vereins ist. Aber auch das rote Kuss-Trikot kommt an. Ihre Reaktionen: \u201eWow\u201c, \u201erichtig geil\u201c und \u201eIch verbinde Rot nicht nur mit Liebe, sondern auch mit Leidenschaft.\u201c Zum Abschluss des Clips kuscheln die Paare und Austria-Fans, nehmen sich in den Arm, teilen intensive K\u00fcsse. Das Gem\u00e4lde \u201eDer Kuss\u201c ist eines der bedeutendsten Werke des \u00f6sterreichischen K\u00fcnstlers Gustav Klimt.<\/p>\n<p> An dieser Stelle findest du Inhalte aus Instagram <\/p>\n<p> Um mit Inhalten aus Instagram und anderen sozialen Netzwerken zu interagieren oder diese darzustellen, brauchen wir deine Zustimmung. <\/p>\n<p> soziale Netzwerke aktivieren <\/p>\n<p>Das Trikot ist ab diesem Freitag (12 Uhr) online und im Fanshop erh\u00e4ltlich, allerdings erst einmal in 1.000 limitierten Boxen. M\u00e4nner und Frauen werden am Samstag damit beim Cup-Doppel in Traiskirchen (17.30 Uhr und 20 Uhr) auflaufen. Wie viel Leidenschaft bringen sie dabei auf den Platz? In der Liga liegen die M\u00e4nner mit einem Sieg und vier Niederlagen in f\u00fcnf Saison-Spielen aktuell auf dem letzten Platz. Die Frauen stehen als amtierende Meisterinnen und Pokalsiegerinnen derzeit auf Platz 3.<\/p>\n","protected":false},"excerpt":{"rendered":"TTS-Player \u00fcberspringen\u21b5Artikel weiterlesen Wien \u2013 Au\u00dfergew\u00f6hnliche Vorstellung des neuen Trikots. Mit ganz viel Liebe pr\u00e4sentierte der \u00f6sterreichische Klub&hellip;\n","protected":false},"author":2,"featured_media":374663,"comment_status":"","ping_status":"","sticky":false,"template":"","format":"standard","meta":{"footnotes":"","_share_on_mastodon":"0"},"categories":[18],"tags":[46,42,92414,964,44,109,108,21056,93789],"class_list":["post-374662","post","type-post","status-publish","format-standard","has-post-thumbnail","category-sport","tag-at","tag-austria","tag-fk-austrian-wien","tag-fussball","tag-oesterreich","tag-sport","tag-sports","tag-trikot","tag-trikot-sponsor"],"share_on_mastodon":{"url":"https:\/\/pubeurope.com\/@at\/117211819275191976","error":""},"_links":{"self":[{"href":"https:\/\/www.europesays.com\/at\/wp-json\/wp\/v2\/posts\/374662","targetHints":{"allow":["GET"]}}],"collection":[{"href":"https:\/\/www.europesays.com\/at\/wp-json\/wp\/v2\/posts"}],"about":[{"href":"https:\/\/www.europesays.com\/at\/wp-json\/wp\/v2\/types\/post"}],"author":[{"embeddable":true,"href":"https:\/\/www.europesays.com\/at\/wp-json\/wp\/v2\/users\/2"}],"replies":[{"embeddable":true,"href":"https:\/\/www.europesays.com\/at\/wp-json\/wp\/v2\/comments?post=374662"}],"version-history":[{"count":0,"href":"https:\/\/www.europesays.com\/at\/wp-json\/wp\/v2\/posts\/374662\/revisions"}],"wp:featuredmedia":[{"embeddable":true,"href":"https:\/\/www.europesays.com\/at\/wp-json\/wp\/v2\/media\/374663"}],"wp:attachment":[{"href":"https:\/\/www.europesays.com\/at\/wp-json\/wp\/v2\/media?parent=374662"}],"wp:term":[{"taxonomy":"category","embeddable":true,"href":"https:\/\/www.europesays.com\/at\/wp-json\/wp\/v2\/categories?post=374662"},{"taxonomy":"post_tag","embeddable":true,"href":"https:\/\/www.europesays.com\/at\/wp-json\/wp\/v2\/tags?post=374662"}],"curies":[{"name":"wp","href":"https:\/\/api.w.org\/{rel}","templated":true}]}}